{"id":2352,"date":"2026-08-30T09:54:32","date_gmt":"2026-08-30T07:54:32","guid":{"rendered":"https:\/\/polskamisja.fr\/?p=2352"},"modified":"2026-08-30T09:57:25","modified_gmt":"2026-08-30T07:57:25","slug":"30-sierpnia-2026","status":"publish","type":"post","link":"https:\/\/polskamisja.fr\/index.php\/2026\/08\/30\/30-sierpnia-2026\/","title":{"rendered":"30 sierpnia 2026"},"content":{"rendered":"\n<p>1. Serdeczne podzi\u0119kowania dla <strong>Huberta Kowalskiego z ch\u00f3rem ICON<\/strong> oraz naszemu ch\u00f3rowi za przepi\u0119kn\u0105 opraw\u0119 Eucharystii. <br>2. Od dzi\u015b wracamy na Msze do <strong>Ko\u015bcio\u0142a w Pouilly.<\/strong><br>3. W poniedzia\u0142ek wiecz\u00f3r serdecznie zapraszamy do salki Emmanuelle ( salka przy kaplicy ) na spotkanie z <strong>Ks. Wojtkiem. <\/strong><br>Od 18h schodzenie si\u0119, powitania i lu\u017cne rozmowy<br>o 19h ks. Wojtek przedstawi prezentacj\u0119 o swojej afryka\u0144skiej misji<br>Jesli mozecie prosimy o przyniesienie poczestunku na wspolny st\u00f3\u0142, bedziemy wdzieczni Jesli kto\u015b ma zyczenie by wspom\u00f3c afrykanska misj\u0119 Ks. Wojtka to w salce bedzie stala skrzyneczka w tym celu i mozna wrzuci\u0107 nawet najmniejsxy dar dla potrzebujacych w\u015br\u00f3d ktorych s\u0142uzy Ks. Wojtek.<br>3. Pierwsze spotkanie dla dzieci rozpoczynaj\u0105cych&nbsp;<strong>katechez\u0119&nbsp;<\/strong>odb\u0119dzie si\u0119 ju\u017c za tydzie\u0144\u26a0\ufe0f6 wrze\u015bnia, od 14h45 do 17h15 w formie pique-nique\u2019u, na kt\u00f3ry mo\u017cemy przynie\u015b\u0107 pocz\u0119stunek. (Adres: En Molie, Rue de Reculet 01710 Thoiry,&nbsp;<a href=\"https:\/\/maps.app.goo.gl\/YQUppkMHh4fgZHeM9\">kliknij<\/a>)<br>5. W niedziel\u0119 13 wrze\u015bnia o 10h30 w ko\u015bciele w Pouilly odb\u0119dzie si\u0119<strong>&nbsp;Msza \u015bw. na rozpocz\u0119cie roku duszpasterskiego<\/strong>&nbsp;oraz&nbsp;<strong>instalacja<\/strong>, czyli blogos\u0142awie\u0144stwo proboszcza parafii (ks. Son\u00e8s Castelly, kt\u00f3ry formalnie by\u0142 administratorem). \u26a0\ufe0fTo tzw. wsp\u00f3lna \u201emi\u0119dzynarodowa\u201d (francusko-Polska) Msza, a wi\u0119c w tym dniu nie mamy polskiej Eucharystii. Po Mszy \u015bw. przejazd do domu parafialnego i piknik \u2013 ka\u017cdy mo\u017ce co\u015b przynie\u015b\u0107 ma\u0142y pocz\u0119stunek.<\/p>\n\n\n\n<figure class=\"wp-block-image size-large\"><img loading=\"lazy\" decoding=\"async\" width=\"723\" height=\"1024\" src=\"https:\/\/polskamisja.fr\/wp-content\/uploads\/2026\/08\/image-1-723x1024.png\" alt=\"\" class=\"wp-image-2359\" srcset=\"https:\/\/polskamisja.fr\/wp-content\/uploads\/2026\/08\/image-1-723x1024.png 723w, https:\/\/polskamisja.fr\/wp-content\/uploads\/2026\/08\/image-1-212x300.png 212w, https:\/\/polskamisja.fr\/wp-content\/uploads\/2026\/08\/image-1-768x1087.png 768w, https:\/\/polskamisja.fr\/wp-content\/uploads\/2026\/08\/image-1.png 1054w\" sizes=\"auto, (max-width: 723px) 100vw, 723px\" \/><\/figure>\n","protected":false},"excerpt":{"rendered":"<p>1. Serdeczne podzi\u0119kowania dla Huberta Kowalskiego z ch\u00f3rem ICON oraz naszemu ch\u00f3rowi za przepi\u0119kn\u0105 opraw\u0119 Eucharystii. 2. Od dzi\u015b wracamy na Msze do Ko\u015bcio\u0142a w Pouilly.3. W poniedzia\u0142ek wiecz\u00f3r serdecznie &hellip; <\/p>\n<p class=\"link-more\"><a href=\"https:\/\/polskamisja.fr\/index.php\/2026\/08\/30\/30-sierpnia-2026\/\" class=\"more-link\">Czytaj dalej<span class=\"screen-reader-text\"> \u201e30 sierpnia 2026\u201d<\/span><\/a><\/p>\n","protected":false},"author":5,"featured_media":0,"comment_status":"closed","ping_status":"open","sticky":false,"template":"","format":"standard","meta":{"footnotes":""},"categories":[1],"tags":[],"class_list":["post-2352","post","type-post","status-publish","format-standard","hentry","category-uncategorized"],"_links":{"self":[{"href":"https:\/\/polskamisja.fr\/index.php\/wp-json\/wp\/v2\/posts\/2352","targetHints":{"allow":["GET"]}}],"collection":[{"href":"https:\/\/polskamisja.fr\/index.php\/wp-json\/wp\/v2\/posts"}],"about":[{"href":"https:\/\/polskamisja.fr\/index.php\/wp-json\/wp\/v2\/types\/post"}],"author":[{"embeddable":true,"href":"https:\/\/polskamisja.fr\/index.php\/wp-json\/wp\/v2\/users\/5"}],"replies":[{"embeddable":true,"href":"https:\/\/polskamisja.fr\/index.php\/wp-json\/wp\/v2\/comments?post=2352"}],"version-history":[{"count":3,"href":"https:\/\/polskamisja.fr\/index.php\/wp-json\/wp\/v2\/posts\/2352\/revisions"}],"predecessor-version":[{"id":2360,"href":"https:\/\/polskamisja.fr\/index.php\/wp-json\/wp\/v2\/posts\/2352\/revisions\/2360"}],"wp:attachment":[{"href":"https:\/\/polskamisja.fr\/index.php\/wp-json\/wp\/v2\/media?parent=2352"}],"wp:term":[{"taxonomy":"category","embeddable":true,"href":"https:\/\/polskamisja.fr\/index.php\/wp-json\/wp\/v2\/categories?post=2352"},{"taxonomy":"post_tag","embeddable":true,"href":"https:\/\/polskamisja.fr\/index.php\/wp-json\/wp\/v2\/tags?post=2352"}],"curies":[{"name":"wp","href":"https:\/\/api.w.org\/{rel}","templated":true}]}}