{"id":2285,"date":"2026-04-20T17:57:00","date_gmt":"2026-04-20T15:57:00","guid":{"rendered":"https:\/\/polskamisja.fr\/?p=2285"},"modified":"2026-04-26T10:13:10","modified_gmt":"2026-04-26T08:13:10","slug":"26-kwietnia-2026-niedziela-dobrego-pasterza","status":"publish","type":"post","link":"https:\/\/polskamisja.fr\/index.php\/2026\/04\/20\/26-kwietnia-2026-niedziela-dobrego-pasterza\/","title":{"rendered":"26 kwietnia 2026, Niedziela Dobrego Pasterza"},"content":{"rendered":"\n<ol class=\"wp-block-list\">\n<li>Serdecznie zapraszamy aby pozosta\u0107 na<strong> wieczorze uwielbienia. <\/strong><\/li>\n\n\n\n<li>Dzi\u0119kuj\u0119 uczestnikom ubieg\u0142otygodniowego <strong>kr\u0119gu biblijnego. <\/strong><\/li>\n\n\n\n<li>Przysz\u0142a niedziela to <strong>pierwsza niedziela <\/strong>miesi\u0105ca. Msza \u015bw. w intencjach zbiorowych, kt\u00f3re mo\u017cemy wysy\u0142a\u0107 komunikatorami albo przynie\u015b\u0107 karteczk\u0119 i po\u0142o\u017cy\u0107 j\u0105 na o\u0142tarzu. <\/li>\n\n\n\n<li>W tym tygodniu <strong>pierwszy pi\u0105tek miesi\u0105ca<\/strong> &#8211; Mo\u017cliwo\u015b\u0107 spowiedzi od 19h15 oraz Msza \u015bw. o 20h, po kt\u00f3rej adoracja. Gdyby kto\u015b chcia\u0142 si\u0119 wyspowiada\u0107 przed &#8222;d\u0142ugim weekendem&#8221; to mo\u017cna si\u0119 zg\u0142osi\u0107. <\/li>\n\n\n\n<li>W sobot\u0119 2 maja o 14h w\u00a0<strong>uroczysto\u015b\u0107 Maryi Kr\u00f3lowej Polski \u015blub Marty i Andre<\/strong>, na kt\u00f3ry narzeczeni serdecznie zapraszaj\u0105.<\/li>\n\n\n\n<li><strong>Msze \u015bw. w j\u0119zyku francuskim <\/strong>na miesi\u0105c maj mo\u017cemy zobaczy\u0107 w biuletynie: <a href=\"https:\/\/paroisses-saint-genis-pouilly.com\/feuille-paroissiale\/\">https:\/\/paroisses-saint-genis-pouilly.com\/feuille-paroissiale\/<\/a><\/li>\n<\/ol>\n\n\n\n<p><strong>HORAIRES DES MESSES<\/strong><\/p>\n\n\n\n<figure class=\"wp-block-table\"><table class=\"has-fixed-layout\"><tbody><tr><td><strong>Jour<\/strong><\/td><td><strong>Chapelle<\/strong><\/td><td><strong>Pouilly<\/strong><\/td><td><strong>Sergy<\/strong><\/td><td><strong>Crozet<\/strong><\/td><td><strong>Chevry<\/strong><\/td><td><strong>Ermitage<\/strong><\/td><\/tr><tr><td>Lundi<\/td><td>18h30<\/td><td>&nbsp;<\/td><td>&nbsp;<\/td><td>&nbsp;<\/td><td>&nbsp;<\/td><td>&nbsp;<\/td><\/tr><tr><td>Mardi<\/td><td>08h30<\/td><td>&nbsp;<\/td><td>&nbsp;<\/td><td>&nbsp;<\/td><td>08h45<\/td><td>&nbsp;<\/td><\/tr><tr><td>Mercredi<\/td><td>08h30<\/td><td>&nbsp;<\/td><td>&nbsp;<\/td><td>&nbsp;<\/td><td>&nbsp;<\/td><td>18h30<\/td><\/tr><tr><td>Jeudi<\/td><td>18h30<\/td><td>&nbsp;<\/td><td>&nbsp;<\/td><td>&nbsp;<\/td><td>&nbsp;<\/td><td>&nbsp;<\/td><\/tr><tr><td>Vendredi<\/td><td>18h30<\/td><td>&nbsp;<\/td><td>&nbsp;<\/td><td>09h00<\/td><td>&nbsp;<\/td><td>&nbsp;<\/td><\/tr><tr><td>Samedi<\/td><td>09h00<\/td><td>&nbsp;<\/td><td>09h00<\/td><td>&nbsp;<\/td><td>&nbsp;<\/td><td>&nbsp;<\/td><\/tr><tr><td>Dimanche<\/td><td>17h00<\/td><td>10h30<\/td><td>&nbsp;<\/td><td>&nbsp;<\/td><td>&nbsp;<\/td><td>&nbsp;<\/td><\/tr><\/tbody><\/table><\/figure>\n\n\n\n<p><\/p>\n","protected":false},"excerpt":{"rendered":"<p>HORAIRES DES MESSES Jour Chapelle Pouilly Sergy Crozet Chevry Ermitage Lundi 18h30 &nbsp; &nbsp; &nbsp; &nbsp; &nbsp; Mardi 08h30 &nbsp; &nbsp; &nbsp; 08h45 &nbsp; Mercredi 08h30 &nbsp; &nbsp; &nbsp; &nbsp; &hellip; <\/p>\n<p class=\"link-more\"><a href=\"https:\/\/polskamisja.fr\/index.php\/2026\/04\/20\/26-kwietnia-2026-niedziela-dobrego-pasterza\/\" class=\"more-link\">Czytaj dalej<span class=\"screen-reader-text\"> \u201e26 kwietnia 2026, Niedziela Dobrego Pasterza\u201d<\/span><\/a><\/p>\n","protected":false},"author":5,"featured_media":0,"comment_status":"closed","ping_status":"open","sticky":false,"template":"","format":"standard","meta":{"footnotes":""},"categories":[1],"tags":[],"class_list":["post-2285","post","type-post","status-publish","format-standard","hentry","category-uncategorized"],"_links":{"self":[{"href":"https:\/\/polskamisja.fr\/index.php\/wp-json\/wp\/v2\/posts\/2285","targetHints":{"allow":["GET"]}}],"collection":[{"href":"https:\/\/polskamisja.fr\/index.php\/wp-json\/wp\/v2\/posts"}],"about":[{"href":"https:\/\/polskamisja.fr\/index.php\/wp-json\/wp\/v2\/types\/post"}],"author":[{"embeddable":true,"href":"https:\/\/polskamisja.fr\/index.php\/wp-json\/wp\/v2\/users\/5"}],"replies":[{"embeddable":true,"href":"https:\/\/polskamisja.fr\/index.php\/wp-json\/wp\/v2\/comments?post=2285"}],"version-history":[{"count":3,"href":"https:\/\/polskamisja.fr\/index.php\/wp-json\/wp\/v2\/posts\/2285\/revisions"}],"predecessor-version":[{"id":2293,"href":"https:\/\/polskamisja.fr\/index.php\/wp-json\/wp\/v2\/posts\/2285\/revisions\/2293"}],"wp:attachment":[{"href":"https:\/\/polskamisja.fr\/index.php\/wp-json\/wp\/v2\/media?parent=2285"}],"wp:term":[{"taxonomy":"category","embeddable":true,"href":"https:\/\/polskamisja.fr\/index.php\/wp-json\/wp\/v2\/categories?post=2285"},{"taxonomy":"post_tag","embeddable":true,"href":"https:\/\/polskamisja.fr\/index.php\/wp-json\/wp\/v2\/tags?post=2285"}],"curies":[{"name":"wp","href":"https:\/\/api.w.org\/{rel}","templated":true}]}}