{"id":2188,"date":"2026-01-26T15:53:30","date_gmt":"2026-01-26T13:53:30","guid":{"rendered":"https:\/\/polskamisja.fr\/?p=2188"},"modified":"2026-02-07T21:29:31","modified_gmt":"2026-02-07T19:29:31","slug":"25-stycznia-2025","status":"publish","type":"post","link":"https:\/\/polskamisja.fr\/index.php\/2026\/01\/26\/25-stycznia-2025\/","title":{"rendered":"25 stycznia 2026"},"content":{"rendered":"\n<ol class=\"wp-block-list\">\n<li>Ze wzgl\u0119du na problemy z ogrzewaniem niedzielne Msze \u015bw. po francusku s\u0105 przeniesione od najbli\u017cszej niedzieli do Ko\u015bcio\u0142a w Crozet. Pojutrze na Radzie Parafialnej podejmiemy decyzj\u0119 co do naszej Mszy niedzielnej. W najbli\u017csz\u0105 niedziel\u0119 1 lutego Msza jak zawsze, w Ko\u015bciele w Pouilly. <\/li>\n\n\n\n<li>Za tydzie\u0144 1. niedziela miesi\u0105ca &#8211; w intencjach zbiorowych. <\/li>\n<\/ol>\n","protected":false},"excerpt":{"rendered":"","protected":false},"author":5,"featured_media":0,"comment_status":"closed","ping_status":"open","sticky":false,"template":"","format":"standard","meta":{"footnotes":""},"categories":[1],"tags":[],"class_list":["post-2188","post","type-post","status-publish","format-standard","hentry","category-uncategorized"],"_links":{"self":[{"href":"https:\/\/polskamisja.fr\/index.php\/wp-json\/wp\/v2\/posts\/2188","targetHints":{"allow":["GET"]}}],"collection":[{"href":"https:\/\/polskamisja.fr\/index.php\/wp-json\/wp\/v2\/posts"}],"about":[{"href":"https:\/\/polskamisja.fr\/index.php\/wp-json\/wp\/v2\/types\/post"}],"author":[{"embeddable":true,"href":"https:\/\/polskamisja.fr\/index.php\/wp-json\/wp\/v2\/users\/5"}],"replies":[{"embeddable":true,"href":"https:\/\/polskamisja.fr\/index.php\/wp-json\/wp\/v2\/comments?post=2188"}],"version-history":[{"count":3,"href":"https:\/\/polskamisja.fr\/index.php\/wp-json\/wp\/v2\/posts\/2188\/revisions"}],"predecessor-version":[{"id":2202,"href":"https:\/\/polskamisja.fr\/index.php\/wp-json\/wp\/v2\/posts\/2188\/revisions\/2202"}],"wp:attachment":[{"href":"https:\/\/polskamisja.fr\/index.php\/wp-json\/wp\/v2\/media?parent=2188"}],"wp:term":[{"taxonomy":"category","embeddable":true,"href":"https:\/\/polskamisja.fr\/index.php\/wp-json\/wp\/v2\/categories?post=2188"},{"taxonomy":"post_tag","embeddable":true,"href":"https:\/\/polskamisja.fr\/index.php\/wp-json\/wp\/v2\/tags?post=2188"}],"curies":[{"name":"wp","href":"https:\/\/api.w.org\/{rel}","templated":true}]}}