{"id":2158,"date":"2025-12-14T16:06:40","date_gmt":"2025-12-14T14:06:40","guid":{"rendered":"https:\/\/polskamisja.fr\/?p=2158"},"modified":"2025-12-14T16:06:40","modified_gmt":"2025-12-14T14:06:40","slug":"14-grudnia-2025","status":"publish","type":"post","link":"https:\/\/polskamisja.fr\/index.php\/2025\/12\/14\/14-grudnia-2025\/","title":{"rendered":"14 grudnia 2025"},"content":{"rendered":"\n<ol class=\"wp-block-list\">\n<li>Serdeczne podzi\u0119kowania: <br>&#8211; dla tych, kt\u00f3rzy uczestniczyli w spotkaniu <strong>transformacji pastoralnej<\/strong><br>&#8211; licznym osobom, kt\u00f3re w\u0142\u0105czy\u0142y si\u0119 w przygotowanie <strong>rekolekcji<\/strong>, a przede wszystkim ks. Mateuszowi &#8211; rekolekcjoni\u015bcie<br>&#8211; \u015bw. <strong>Miko\u0142ajowi <\/strong>i pomocnikom <br>&#8211; rodzicom, kt\u00f3rzy dzi\u015b umo\u017cliwili swoim dzieciom udzia\u0142 w <strong>katechezie<\/strong><\/li>\n\n\n\n<li>W tym tygodniu nasze ostatnie <strong>roraty<\/strong>, po kt\u00f3rych zapraszam tradycyjnie na \u015bniadanie &#8211; w \u015brod\u0119 o 6h30.<\/li>\n\n\n\n<li><strong>Harmonogram Mszy \u015bw. <\/strong>w czasie \u015bwi\u0105t: <br>&#8211; Wigilia Bo\u017cego Narodzenia, 24 grudnia &#8211; Msza \u015bw. o 21h <a href=\"https:\/\/maps.app.goo.gl\/kAGuUmD2CxY1ybwr8\">(w kaplicy domu parafialnego)<\/a><br>&#8211; Bo\u017ce Narodzenie, 25 grudnia &#8211; 18h <a href=\"https:\/\/maps.app.goo.gl\/kAGuUmD2CxY1ybwr8\">(w kaplicy domu parafialnego)<\/a><br>&#8211; \u015bw. Szczepana, 26 grudnia &#8211; 18h \u26a0\ufe0f(<a href=\"https:\/\/maps.app.goo.gl\/4Q3QZeHvcaMPBqYx5\">Ko\u015bci\u00f3\u0142 w Sergy)<\/a>\u26a0\ufe0f<br>&#8211; Uroczysto\u015b\u0107 Maryi Matki Bo\u017cej Rodzicielki, 1 stycznia &#8211; 18h  <a href=\"https:\/\/maps.app.goo.gl\/cZCx7FbL3QKTECsQ6\">(Ko\u015bci\u00f3\u0142 w Pouilly) <\/a><\/li>\n<\/ol>\n\n\n\n<p><\/p>\n","protected":false},"excerpt":{"rendered":"","protected":false},"author":5,"featured_media":0,"comment_status":"closed","ping_status":"open","sticky":false,"template":"","format":"standard","meta":{"footnotes":""},"categories":[1],"tags":[],"class_list":["post-2158","post","type-post","status-publish","format-standard","hentry","category-uncategorized"],"_links":{"self":[{"href":"https:\/\/polskamisja.fr\/index.php\/wp-json\/wp\/v2\/posts\/2158","targetHints":{"allow":["GET"]}}],"collection":[{"href":"https:\/\/polskamisja.fr\/index.php\/wp-json\/wp\/v2\/posts"}],"about":[{"href":"https:\/\/polskamisja.fr\/index.php\/wp-json\/wp\/v2\/types\/post"}],"author":[{"embeddable":true,"href":"https:\/\/polskamisja.fr\/index.php\/wp-json\/wp\/v2\/users\/5"}],"replies":[{"embeddable":true,"href":"https:\/\/polskamisja.fr\/index.php\/wp-json\/wp\/v2\/comments?post=2158"}],"version-history":[{"count":3,"href":"https:\/\/polskamisja.fr\/index.php\/wp-json\/wp\/v2\/posts\/2158\/revisions"}],"predecessor-version":[{"id":2162,"href":"https:\/\/polskamisja.fr\/index.php\/wp-json\/wp\/v2\/posts\/2158\/revisions\/2162"}],"wp:attachment":[{"href":"https:\/\/polskamisja.fr\/index.php\/wp-json\/wp\/v2\/media?parent=2158"}],"wp:term":[{"taxonomy":"category","embeddable":true,"href":"https:\/\/polskamisja.fr\/index.php\/wp-json\/wp\/v2\/categories?post=2158"},{"taxonomy":"post_tag","embeddable":true,"href":"https:\/\/polskamisja.fr\/index.php\/wp-json\/wp\/v2\/tags?post=2158"}],"curies":[{"name":"wp","href":"https:\/\/api.w.org\/{rel}","templated":true}]}}