{"id":2138,"date":"2025-11-30T18:01:35","date_gmt":"2025-11-30T16:01:35","guid":{"rendered":"https:\/\/polskamisja.fr\/?p=2138"},"modified":"2025-11-30T22:32:59","modified_gmt":"2025-11-30T20:32:59","slug":"30-listopada-2025","status":"publish","type":"post","link":"https:\/\/polskamisja.fr\/index.php\/2025\/11\/30\/30-listopada-2025\/","title":{"rendered":"30 listopada 2025"},"content":{"rendered":"\n<ol class=\"wp-block-list\">\n<li>Ogromne podzi\u0119kowania dla wszystkim, kt\u00f3rzy zaanga\u017cowali si\u0119 w pomoc<strong> rodzinie pa\u0144stwa Kwiatkowskich <\/strong>&#8211; szczeg\u00f3lnie Andrzejowi i Edzi, kt\u00f3rzy przyj\u0119li ich pod dach, ale tak\u017ce wielu innym osobom kt\u00f3rych nie spos\u00f3b wymieni\u0107. Rodzina ma czasowo zapewnione podstawowe potrzeby, teraz wiele zale\u017cy od nich i najprawdopodobniej od naszego m\u0105drego towarzyszenia im. <\/li>\n\n\n\n<li>Polska Misja Katolicka we Francji zaprasza na cykl internetowych <strong>spotka\u0144 formacyjnych po\u015bwi\u0119conych transformacji&nbsp;pastoralnej&nbsp;i&nbsp;misyjnej&nbsp;naszych&nbsp;wsp\u00f3lnot<\/strong>. Formacja skierowana jest do wszystkich \u2013 zar\u00f3wno kap\u0142an\u00f3w, jak i os\u00f3b \u015bwieckich.<br>Pierwsze spotkanie odb\u0119dzie si\u0119 w czwartek, 11 grudnia.<br>Poprowadzi je Rektor Polskiej Misji Katolickiej we Francji ks. Bogus\u0142aw Brzy\u015b. Szczeg\u00f3\u0142y poni\u017cej. \u2b07\ufe0f<\/li>\n\n\n\n<li>Jutro nasze pierwsze <strong>roraty<\/strong> &#8211; o 6h30 w kaplicy domu parafialnego w Saint-Genis. P\u00f3\u017aniej wsp\u00f3lne \u015bniadanie na plebanii. <\/li>\n\n\n\n<li>W pi\u0105tek o 14h w ko\u015bciele w Pouilly pogrzeb <strong>Philippe&#8217;a Rietzler, m\u0119\u017ca Roselyne,<\/strong> kt\u00f3rzy byli s\u0105 znani wielu osobom z polskiej wsp\u00f3lnoty. <\/li>\n\n\n\n<li>W tym tygodniu przypada <strong>pierwszy pi\u0105tek miesi\u0105ca<\/strong>. Czekam na odpowied\u017a polskiego ksi\u0119dza, kt\u00f3ry szuka zast\u0119pstwa w swojej parafii, aby m\u00f3g\u0142 przyjecha\u0107 do nas \u2014 ja w tym czasie wyje\u017cd\u017cam na 7 dni do Polski. B\u0119d\u0119 informowa\u0142 na parafialnej grupie Signal czy spowied\u017a i liturgia b\u0119dzie w j\u0119zyku polskim. Je\u015bli nie, to nasz\u0105 Msz\u0119 odprawi ksi\u0105dz francuski, a my w\u0142\u0105czymy si\u0119 w polskie czytania &#8211; jak zawsze o 20h. <\/li>\n\n\n\n<li>Za tydzie\u0144 <strong>pierwsza niedziela miesi\u0105ca<\/strong> &#8211; w intencjach zbiorowych. <br>W czasie naszej polskiej Mszy \u015bw. o 18h dzieci odwiedzi <strong>\u015bw. Miko\u0142aj.<\/strong><br>W polskiej wsp\u00f3lnocie w Genewie w parafii \u015bw. Teresy o 12h30 <strong>po\u017cegnanie ks. Stanis\u0142awa Gurgula OP.<\/strong><\/li>\n\n\n\n<li>Za dwa tygodnie<strong> rekolekcje adwentowe &#8222;\u015bwiat\u0142o\u015b\u0107 w ciemno\u015bci&#8221;<\/strong>, kt\u00f3re poprowadzi ks. Mateusz Mikrut. Ogromne podzi\u0119kowanie dla Kasi i Wojtka za przygotowywanie wraz z rekolekcjonist\u0105 programu, plakatu, ulotek. Szczeg\u00f3\u0142y poni\u017cej \u2b07\ufe0f<\/li>\n\n\n\n<li><img decoding=\"async\" src=\"https:\/\/flagcdn.com\/w20\/fr.png\" alt=\"Flaga Francji\">\u00a0Msze \u015bw. i og\u0142oszenia w J\u0119zyku francuskim na grudzie\u0144 (przycisk &#8222;pobierz&#8221;): <\/li>\n<\/ol>\n\n\n\n<div class=\"wp-block-file\"><a id=\"wp-block-file--media-cb33ad4d-108f-4aea-8150-194dd2ff147a\" href=\"https:\/\/polskamisja.fr\/wp-content\/uploads\/2025\/11\/FParoisse-decembre_2025_bis-1-1.docx\">FParoisse de\u0301cembre_2025<\/a><a href=\"https:\/\/polskamisja.fr\/wp-content\/uploads\/2025\/11\/FParoisse-decembre_2025_bis-1-1.docx\" class=\"wp-block-file__button wp-element-button\" download aria-describedby=\"wp-block-file--media-cb33ad4d-108f-4aea-8150-194dd2ff147a\">Pobierz<\/a><\/div>\n\n\n\n<figure class=\"wp-block-image size-large\"><img loading=\"lazy\" decoding=\"async\" width=\"724\" height=\"1024\" src=\"https:\/\/polskamisja.fr\/wp-content\/uploads\/2025\/11\/plakat-724x1024.jpg\" alt=\"\" class=\"wp-image-2147\" srcset=\"https:\/\/polskamisja.fr\/wp-content\/uploads\/2025\/11\/plakat-724x1024.jpg 724w, https:\/\/polskamisja.fr\/wp-content\/uploads\/2025\/11\/plakat-212x300.jpg 212w, https:\/\/polskamisja.fr\/wp-content\/uploads\/2025\/11\/plakat-768x1086.jpg 768w, https:\/\/polskamisja.fr\/wp-content\/uploads\/2025\/11\/plakat.jpg 794w\" sizes=\"auto, (max-width: 724px) 100vw, 724px\" \/><\/figure>\n\n\n\n<figure class=\"wp-block-image size-large\"><img loading=\"lazy\" decoding=\"async\" width=\"724\" height=\"1024\" src=\"https:\/\/polskamisja.fr\/wp-content\/uploads\/2025\/11\/program-724x1024.jpg\" alt=\"\" class=\"wp-image-2148\" srcset=\"https:\/\/polskamisja.fr\/wp-content\/uploads\/2025\/11\/program-724x1024.jpg 724w, https:\/\/polskamisja.fr\/wp-content\/uploads\/2025\/11\/program-212x300.jpg 212w, https:\/\/polskamisja.fr\/wp-content\/uploads\/2025\/11\/program-768x1086.jpg 768w, https:\/\/polskamisja.fr\/wp-content\/uploads\/2025\/11\/program.jpg 794w\" sizes=\"auto, (max-width: 724px) 100vw, 724px\" \/><\/figure>\n\n\n\n<figure class=\"wp-block-image size-full\"><img loading=\"lazy\" decoding=\"async\" width=\"650\" height=\"630\" src=\"https:\/\/polskamisja.fr\/wp-content\/uploads\/2025\/11\/image-1.png\" alt=\"\" class=\"wp-image-2149\" srcset=\"https:\/\/polskamisja.fr\/wp-content\/uploads\/2025\/11\/image-1.png 650w, https:\/\/polskamisja.fr\/wp-content\/uploads\/2025\/11\/image-1-300x291.png 300w\" sizes=\"auto, (max-width: 650px) 100vw, 650px\" \/><\/figure>\n","protected":false},"excerpt":{"rendered":"","protected":false},"author":5,"featured_media":0,"comment_status":"closed","ping_status":"open","sticky":false,"template":"","format":"standard","meta":{"footnotes":""},"categories":[1],"tags":[],"class_list":["post-2138","post","type-post","status-publish","format-standard","hentry","category-uncategorized"],"_links":{"self":[{"href":"https:\/\/polskamisja.fr\/index.php\/wp-json\/wp\/v2\/posts\/2138","targetHints":{"allow":["GET"]}}],"collection":[{"href":"https:\/\/polskamisja.fr\/index.php\/wp-json\/wp\/v2\/posts"}],"about":[{"href":"https:\/\/polskamisja.fr\/index.php\/wp-json\/wp\/v2\/types\/post"}],"author":[{"embeddable":true,"href":"https:\/\/polskamisja.fr\/index.php\/wp-json\/wp\/v2\/users\/5"}],"replies":[{"embeddable":true,"href":"https:\/\/polskamisja.fr\/index.php\/wp-json\/wp\/v2\/comments?post=2138"}],"version-history":[{"count":7,"href":"https:\/\/polskamisja.fr\/index.php\/wp-json\/wp\/v2\/posts\/2138\/revisions"}],"predecessor-version":[{"id":2157,"href":"https:\/\/polskamisja.fr\/index.php\/wp-json\/wp\/v2\/posts\/2138\/revisions\/2157"}],"wp:attachment":[{"href":"https:\/\/polskamisja.fr\/index.php\/wp-json\/wp\/v2\/media?parent=2138"}],"wp:term":[{"taxonomy":"category","embeddable":true,"href":"https:\/\/polskamisja.fr\/index.php\/wp-json\/wp\/v2\/categories?post=2138"},{"taxonomy":"post_tag","embeddable":true,"href":"https:\/\/polskamisja.fr\/index.php\/wp-json\/wp\/v2\/tags?post=2138"}],"curies":[{"name":"wp","href":"https:\/\/api.w.org\/{rel}","templated":true}]}}