{"id":2076,"date":"2025-10-18T13:08:57","date_gmt":"2025-10-18T11:08:57","guid":{"rendered":"https:\/\/polskamisja.fr\/?p=2076"},"modified":"2025-10-22T07:58:48","modified_gmt":"2025-10-22T05:58:48","slug":"19-pazdziernika-2025","status":"publish","type":"post","link":"https:\/\/polskamisja.fr\/index.php\/2025\/10\/18\/19-pazdziernika-2025\/","title":{"rendered":"19 pa\u017adziernika 2025"},"content":{"rendered":"\n<ol class=\"wp-block-list\">\n<li>Dzi\u0119kuj\u0119 wszystkim uczestnikom pielgrzymki do<strong> La Salette<\/strong> w miniony weekend, oraz uczestnicz\u0105cym w ostatnim <strong>Kr\u0119gu Biblijnym <\/strong>(kolejne spotkanie 11 listopada). Dzi\u0119kujemy tak\u017ce tym, kt\u00f3rzy wzi\u0119li udzia\u0142<strong> w Dniu Papieskim <\/strong>oraz w zwi\u0105zanej z nim zbi\u00f3rce na fundacj\u0119 \u015bw. Jana Paw\u0142a II &#8211; zebrali\u015bmy 132\u20ac i 70\u20a3.<\/li>\n\n\n\n<li>Ks. Rektor zaprasza na Uroczysto\u015b\u0107 w<strong>&nbsp;katedrze Notre Dame<\/strong>&nbsp;(szczeg\u00f3\u0142y w og\u0142oszeniach z niedzieli 5 pa\u017adziernika. Zapisy tylko do dzi\u015b).<\/li>\n\n\n\n<li>Dzi\u015b <strong>niedziela misyjna.<\/strong> Z tej okazji m\u00f3j poprzednik, a dzi\u015b misjonarz w Afryce &#8211;  ksi\u0105dz Wojtek &#8211;  wys\u0142a\u0142 nam podzi\u0119kowanie :&nbsp;<a href=\"https:\/\/polskamisja.fr\/index.php\/wsparcie-misji-ks-wojtka\">https:\/\/polskamisja.fr\/index.php\/wsparcie-misji-ks-wojtka<\/a><\/li>\n\n\n\n<li>Pa\u017adziernik prze\u017cywamy w ko\u015bciele jako miesi\u0105c&nbsp;<strong>R\u00f3\u017ca\u0144ca<\/strong>. Mo\u017cemy Go odmawia\u0107 w gronie naszej wsp\u00f3lnoty przez kolejne \u015brody o godz. 20. w kaplicy domu parafialnego:<br>22. pa\u017adziernika \u2013 tajemnice chwalebne. <\/li>\n\n\n\n<li><strong>Wypominki&nbsp;<\/strong>\u2013 modlitwa w kt\u00f3rej polecamy zmar\u0142ych. Mo\u017cna zabra\u0107 kartk\u0119 z przedsionka (lub pobra\u0107 kilkaj\u0105c&nbsp;<a href=\"https:\/\/polskamisja.fr\/wp-content\/uploads\/2022\/10\/Wypominki-St-Genis-Pouilly.pdf\">POBIERZ<\/a>&nbsp;) i z\u0142o\u017cy\u0107 osobi\u015bcie lub na tac\u0119<\/li>\n\n\n\n<li><strong>Bal wszystkich \u015bwi\u0119tych<\/strong> (Szczeg\u00f3\u0142y na plakacie) <\/li>\n\n\n\n<li>Wszystkim dzieciom i m\u0142odzie\u017cy rozpoczynaj\u0105cym <strong>wakacje<\/strong>, oraz rodzinom wyje\u017cdzaj\u0105cym z parafii \u017cyczymy b\u0142ogos\u0142awionego czasu odpoczynku i nabrania si\u0142. Jakby powiedzieli nasi przodkowie: niech si\u0119 darzy ! <br><\/li>\n<\/ol>\n\n\n\n<figure class=\"wp-block-image size-large is-resized\"><img loading=\"lazy\" decoding=\"async\" width=\"683\" height=\"1024\" src=\"https:\/\/polskamisja.fr\/wp-content\/uploads\/2025\/10\/obraz_2025-10-18_132929788-683x1024.png\" alt=\"\" class=\"wp-image-2095\" style=\"width:301px;height:auto\" srcset=\"https:\/\/polskamisja.fr\/wp-content\/uploads\/2025\/10\/obraz_2025-10-18_132929788-683x1024.png 683w, https:\/\/polskamisja.fr\/wp-content\/uploads\/2025\/10\/obraz_2025-10-18_132929788-200x300.png 200w, https:\/\/polskamisja.fr\/wp-content\/uploads\/2025\/10\/obraz_2025-10-18_132929788-768x1152.png 768w, https:\/\/polskamisja.fr\/wp-content\/uploads\/2025\/10\/obraz_2025-10-18_132929788.png 1024w\" sizes=\"auto, (max-width: 683px) 100vw, 683px\" \/><\/figure>\n","protected":false},"excerpt":{"rendered":"","protected":false},"author":5,"featured_media":0,"comment_status":"open","ping_status":"open","sticky":false,"template":"","format":"standard","meta":{"footnotes":""},"categories":[1],"tags":[],"class_list":["post-2076","post","type-post","status-publish","format-standard","hentry","category-uncategorized"],"_links":{"self":[{"href":"https:\/\/polskamisja.fr\/index.php\/wp-json\/wp\/v2\/posts\/2076","targetHints":{"allow":["GET"]}}],"collection":[{"href":"https:\/\/polskamisja.fr\/index.php\/wp-json\/wp\/v2\/posts"}],"about":[{"href":"https:\/\/polskamisja.fr\/index.php\/wp-json\/wp\/v2\/types\/post"}],"author":[{"embeddable":true,"href":"https:\/\/polskamisja.fr\/index.php\/wp-json\/wp\/v2\/users\/5"}],"replies":[{"embeddable":true,"href":"https:\/\/polskamisja.fr\/index.php\/wp-json\/wp\/v2\/comments?post=2076"}],"version-history":[{"count":6,"href":"https:\/\/polskamisja.fr\/index.php\/wp-json\/wp\/v2\/posts\/2076\/revisions"}],"predecessor-version":[{"id":2104,"href":"https:\/\/polskamisja.fr\/index.php\/wp-json\/wp\/v2\/posts\/2076\/revisions\/2104"}],"wp:attachment":[{"href":"https:\/\/polskamisja.fr\/index.php\/wp-json\/wp\/v2\/media?parent=2076"}],"wp:term":[{"taxonomy":"category","embeddable":true,"href":"https:\/\/polskamisja.fr\/index.php\/wp-json\/wp\/v2\/categories?post=2076"},{"taxonomy":"post_tag","embeddable":true,"href":"https:\/\/polskamisja.fr\/index.php\/wp-json\/wp\/v2\/tags?post=2076"}],"curies":[{"name":"wp","href":"https:\/\/api.w.org\/{rel}","templated":true}]}}