{"id":1827,"date":"2025-04-27T17:11:08","date_gmt":"2025-04-27T15:11:08","guid":{"rendered":"https:\/\/polskamisja.fr\/?p=1827"},"modified":"2025-04-27T17:11:08","modified_gmt":"2025-04-27T15:11:08","slug":"27-kwietnia-niedziela-bozego-milosierdzia","status":"publish","type":"post","link":"https:\/\/polskamisja.fr\/index.php\/2025\/04\/27\/27-kwietnia-niedziela-bozego-milosierdzia\/","title":{"rendered":"27 kwietnia Niedziela Bo\u017cego Mi\u0142osierdzia"},"content":{"rendered":"\n<p>1. Dzi\u0119kuj\u0119 wszystkim, kt\u00f3rzy w\u0142\u0105czyli si\u0119 w przygotowanie i przeprowadzenie<strong> Triduum Paschalnego oraz \u015bwi\u0105t Wielkanocnych.<\/strong><br>2. Kontynuujemy peregrynacj\u0119 figury <strong>Jezusa Dobrego Pasterza <\/strong>&#8211; jest mo\u017cliwo\u015b\u0107 przyj\u0119cia Go pod dach ju\u017c w tym tygodniu. W maju oddajemy statu\u0119 wsp\u00f3lnocie francuskiej, by Dobry Pasterz powr\u00f3ci\u0142 do naszej wsp\u00f3lnoty w czerwcu. W przypadku braku ch\u0119tnych zako\u0144czymy peregrynacj\u0119. <br>3. Za tydzie\u0144 <strong>niedziela Biblijna<\/strong>. Po wyj\u015bciu z Ko\u015bcio\u0142a b\u0119dziemy mogli zabra\u0107 cytat z Pisma \u015awi\u0119tego. W tygodniu biblijnym we wtorek <strong>6 maja o 20h spotkanie wok\u00f3\u0142 S\u0142owa Bo\u017cego.<\/strong><\/p>\n\n\n\n<figure class=\"wp-block-image size-full\"><img loading=\"lazy\" decoding=\"async\" width=\"557\" height=\"758\" src=\"https:\/\/polskamisja.fr\/wp-content\/uploads\/2025\/04\/image.png\" alt=\"\" class=\"wp-image-1830\" srcset=\"https:\/\/polskamisja.fr\/wp-content\/uploads\/2025\/04\/image.png 557w, https:\/\/polskamisja.fr\/wp-content\/uploads\/2025\/04\/image-220x300.png 220w\" sizes=\"auto, (max-width: 557px) 100vw, 557px\" \/><\/figure>\n","protected":false},"excerpt":{"rendered":"<p>1. Dzi\u0119kuj\u0119 wszystkim, kt\u00f3rzy w\u0142\u0105czyli si\u0119 w przygotowanie i przeprowadzenie Triduum Paschalnego oraz \u015bwi\u0105t Wielkanocnych.2. Kontynuujemy peregrynacj\u0119 figury Jezusa Dobrego Pasterza &#8211; jest mo\u017cliwo\u015b\u0107 przyj\u0119cia Go pod dach ju\u017c w &hellip; <\/p>\n<p class=\"link-more\"><a href=\"https:\/\/polskamisja.fr\/index.php\/2025\/04\/27\/27-kwietnia-niedziela-bozego-milosierdzia\/\" class=\"more-link\">Czytaj dalej<span class=\"screen-reader-text\"> \u201e27 kwietnia Niedziela Bo\u017cego Mi\u0142osierdzia\u201d<\/span><\/a><\/p>\n","protected":false},"author":5,"featured_media":0,"comment_status":"open","ping_status":"open","sticky":false,"template":"","format":"standard","meta":{"footnotes":""},"categories":[1],"tags":[],"class_list":["post-1827","post","type-post","status-publish","format-standard","hentry","category-uncategorized"],"_links":{"self":[{"href":"https:\/\/polskamisja.fr\/index.php\/wp-json\/wp\/v2\/posts\/1827","targetHints":{"allow":["GET"]}}],"collection":[{"href":"https:\/\/polskamisja.fr\/index.php\/wp-json\/wp\/v2\/posts"}],"about":[{"href":"https:\/\/polskamisja.fr\/index.php\/wp-json\/wp\/v2\/types\/post"}],"author":[{"embeddable":true,"href":"https:\/\/polskamisja.fr\/index.php\/wp-json\/wp\/v2\/users\/5"}],"replies":[{"embeddable":true,"href":"https:\/\/polskamisja.fr\/index.php\/wp-json\/wp\/v2\/comments?post=1827"}],"version-history":[{"count":2,"href":"https:\/\/polskamisja.fr\/index.php\/wp-json\/wp\/v2\/posts\/1827\/revisions"}],"predecessor-version":[{"id":1831,"href":"https:\/\/polskamisja.fr\/index.php\/wp-json\/wp\/v2\/posts\/1827\/revisions\/1831"}],"wp:attachment":[{"href":"https:\/\/polskamisja.fr\/index.php\/wp-json\/wp\/v2\/media?parent=1827"}],"wp:term":[{"taxonomy":"category","embeddable":true,"href":"https:\/\/polskamisja.fr\/index.php\/wp-json\/wp\/v2\/categories?post=1827"},{"taxonomy":"post_tag","embeddable":true,"href":"https:\/\/polskamisja.fr\/index.php\/wp-json\/wp\/v2\/tags?post=1827"}],"curies":[{"name":"wp","href":"https:\/\/api.w.org\/{rel}","templated":true}]}}