{"id":1816,"date":"2025-04-13T12:03:46","date_gmt":"2025-04-13T10:03:46","guid":{"rendered":"https:\/\/polskamisja.fr\/?p=1816"},"modified":"2025-04-13T12:03:46","modified_gmt":"2025-04-13T10:03:46","slug":"13-kwietnia-2025-niedziela-palmowa","status":"publish","type":"post","link":"https:\/\/polskamisja.fr\/index.php\/2025\/04\/13\/13-kwietnia-2025-niedziela-palmowa\/","title":{"rendered":"13 kwietnia 2025 Niedziela Palmowa"},"content":{"rendered":"\n<ol class=\"wp-block-list\">\n<li>Dzi\u0119kuj\u0119 wszystkim, kt\u00f3rzy przyczynili si\u0119 do tworzenia tych niezwyk\u0142ych <strong>rekolekcji<\/strong>. Ks. Karolowi, Paulinie kt\u00f3ra u\u0142o\u017cy\u0142a plakat i ulotki, Aleksowi za plakat spotkania m\u0142odzie\u017cowego,  Sylwii i Kasi za pomoc w przygotowaniu spotka\u0144 dla dzieci i m\u0142odzie\u017cy, Iwonie i Sylwii za organizacj\u0119 spotkania integracyjnego, ch\u00f3rowi za opraw\u0119 muzyczn\u0105, liturgicznej s\u0142u\u017cbie o\u0142tarza. Ciesz\u0119 si\u0119 z waszych licznych spowiedzi. Dzi\u0119kuj\u0119 te\u017c Ani i Helenie za pomoc ksi\u0119dzu rekolekcjoni\u015bcie. <\/li>\n\n\n\n<li>Dzi\u015b weszli\u015bmy w <strong>Wielki Tydzie\u0144<\/strong>, kt\u00f3ry jest celebracj\u0105, a nawet wi\u0119cej: ponownym prze\u017cyciem najwa\u017cniejszych wydarze\u0144 zbawienia\u00a0(program poni\u017cej \u2b07\ufe0f).<br>&#8211; poszukujemy os\u00f3b do tzw. mandatum &#8211; <strong>obrz\u0119d obmycia n\u00f3g<\/strong>. Prosz\u0119 aby kto\u015b si\u0119 zg\u0142osi\u0142. <br>&#8211; w wielk\u0105 sobot\u0119 w czasie Wigilii Paschalnej zapalimy <strong>\u015bwiece <\/strong>&#8211; mo\u017cna przynie\u015b\u0107. <br>&#8211; w czasie Wigilii Paschalnej wchodzimy w okres wielkanocny. Proponuj\u0119 by\u015bmy podkre\u015blili ten radosny moment przychodz\u0105c <strong>ubrani na bia\u0142o lub w jasnych ubraniach<\/strong>. <br>&#8211; Po wigilii paschalnej spotkanie w sali siostry Emanueli wraz ze wsp\u00f3lnot\u0105 francusk\u0105. <\/li>\n\n\n\n<li>Kontynuujemy <strong>peregrynacj\u0119 Jezusa Dobrego Pasterza,<\/strong> kt\u00f3ry od listopada odwiedzi\u0142 ju\u017c  jedena\u015bcie polskich rodzin. Gdyby kto\u015b m\u00f3g\u0142 si\u0119 zapisa\u0107 na kwiecie\u0144 lub czerwiec to prosz\u0119 o kontakt. <br><strong><mark style=\"background-color:rgba(0, 0, 0, 0)\" class=\"has-inline-color has-vivid-cyan-blue-color\">Og\u0142oszenia \u201efrancuskie\u201d<\/mark><\/strong><br><strong>1.<\/strong><span style=\"box-sizing: inherit; font-weight: 700; white-space-collapse: collapse;\"><img decoding=\"async\" draggable=\"false\" role=\"img\" class=\"emoji\" style=\"box-sizing: inherit; height: 1em !important;\" src=\"https:\/\/s.w.org\/images\/core\/emoji\/15.0.3\/svg\/1f1eb-1f1f7.svg\" alt=\"\ud83c\uddeb\ud83c\uddf7\"><\/span><strong>\u00a0<\/strong>Msza \u015bw. Krzy\u017cma we wtorek o 17h w Ars &#8211; podziemia ko\u015bcio\u0142a Mi\u0142osierdzia. <\/li>\n<\/ol>\n\n\n\n<figure class=\"wp-block-image size-full\"><img loading=\"lazy\" decoding=\"async\" width=\"501\" height=\"495\" src=\"https:\/\/polskamisja.fr\/wp-content\/uploads\/2025\/04\/obraz_2025-04-13_110404874.png\" alt=\"\" class=\"wp-image-1825\" srcset=\"https:\/\/polskamisja.fr\/wp-content\/uploads\/2025\/04\/obraz_2025-04-13_110404874.png 501w, https:\/\/polskamisja.fr\/wp-content\/uploads\/2025\/04\/obraz_2025-04-13_110404874-300x296.png 300w, https:\/\/polskamisja.fr\/wp-content\/uploads\/2025\/04\/obraz_2025-04-13_110404874-100x100.png 100w\" sizes=\"auto, (max-width: 501px) 100vw, 501px\" \/><\/figure>\n","protected":false},"excerpt":{"rendered":"","protected":false},"author":5,"featured_media":0,"comment_status":"open","ping_status":"open","sticky":false,"template":"","format":"standard","meta":{"footnotes":""},"categories":[1],"tags":[],"class_list":["post-1816","post","type-post","status-publish","format-standard","hentry","category-uncategorized"],"_links":{"self":[{"href":"https:\/\/polskamisja.fr\/index.php\/wp-json\/wp\/v2\/posts\/1816","targetHints":{"allow":["GET"]}}],"collection":[{"href":"https:\/\/polskamisja.fr\/index.php\/wp-json\/wp\/v2\/posts"}],"about":[{"href":"https:\/\/polskamisja.fr\/index.php\/wp-json\/wp\/v2\/types\/post"}],"author":[{"embeddable":true,"href":"https:\/\/polskamisja.fr\/index.php\/wp-json\/wp\/v2\/users\/5"}],"replies":[{"embeddable":true,"href":"https:\/\/polskamisja.fr\/index.php\/wp-json\/wp\/v2\/comments?post=1816"}],"version-history":[{"count":2,"href":"https:\/\/polskamisja.fr\/index.php\/wp-json\/wp\/v2\/posts\/1816\/revisions"}],"predecessor-version":[{"id":1826,"href":"https:\/\/polskamisja.fr\/index.php\/wp-json\/wp\/v2\/posts\/1816\/revisions\/1826"}],"wp:attachment":[{"href":"https:\/\/polskamisja.fr\/index.php\/wp-json\/wp\/v2\/media?parent=1816"}],"wp:term":[{"taxonomy":"category","embeddable":true,"href":"https:\/\/polskamisja.fr\/index.php\/wp-json\/wp\/v2\/categories?post=1816"},{"taxonomy":"post_tag","embeddable":true,"href":"https:\/\/polskamisja.fr\/index.php\/wp-json\/wp\/v2\/tags?post=1816"}],"curies":[{"name":"wp","href":"https:\/\/api.w.org\/{rel}","templated":true}]}}