{"id":1814,"date":"2025-04-06T16:24:34","date_gmt":"2025-04-06T14:24:34","guid":{"rendered":"https:\/\/polskamisja.fr\/?p=1814"},"modified":"2025-04-06T20:11:42","modified_gmt":"2025-04-06T18:11:42","slug":"6-kwietnia-2025","status":"publish","type":"post","link":"https:\/\/polskamisja.fr\/index.php\/2025\/04\/06\/6-kwietnia-2025\/","title":{"rendered":"6 kwietnia 2025"},"content":{"rendered":"\n<ol class=\"wp-block-list\">\n<li>W ramach <strong>rekolekcji wielkopostnych<\/strong> b\u0119dzie wyj\u0105tkowe spotkanie dla dzieci (w sobot\u0119) i dla m\u0142odzie\u017cy (w niedziel\u0119). Szczeg\u00f3\u0142owy program rekolekcji poni\u017cej \u2b07\ufe0f<\/li>\n\n\n\n<li>Ksi\u0105dz rekolekcjonista pisze doktorat o ekumenizmie i proponuje nam wszystkim do\u0142\u0105czenie do jego wizyty <a href=\"https:\/\/maps.app.goo.gl\/n7mivVUdHgpXaBp59\"><strong>w Muzeum Reformacji<\/strong> w Genewie<\/a> w pi\u0105tek ok godz 10 (l\u0105duje o 9 tak wiec godzina jest orientacyjna). Wszyscy, kt\u00f3rzy mog\u0105 s\u0105 mile widziani.<\/li>\n\n\n\n<li>Ju\u017c w kolejn\u0105 niedziel\u0119 rozpoczynamy <strong>Wielki Tydzie\u0144<\/strong> (program poni\u017cej \u2b07\ufe0f)<\/li>\n\n\n\n<li>W \u015brod\u0119 9 kwietnia o 19h45 przygotowywanie celebracji\u00a0<strong>bierzmowania\u00a0<\/strong>\u2013 <a href=\"https:\/\/maps.app.goo.gl\/vrPrqdw8Mg1hTyxM8\">w Kaplicy w Saint-Genis<\/a>.<\/li>\n\n\n\n<li>Zapraszamy do <strong>wsp\u00f3lnego oddania krwi<\/strong> jutro o 16h <a href=\"https:\/\/maps.app.goo.gl\/B8C5VxA8cf5kRhF86\">tutaj <\/a>(najlepiej wcze\u015bniej si\u0119 <a href=\"https:\/\/dondesang.efs.sante.fr\/trouver-une-collecte\/129377\/sang\">zarejestrowa\u0107<\/a>)  <\/li>\n\n\n\n<li>W dniach 20-21 czerwca b\u0119dziemy go\u015bci\u0107 relikwie<strong> \u015bwi\u0119tego Carlo Acutisa.<br><\/strong><\/li>\n<\/ol>\n\n\n\n<figure class=\"wp-block-image size-large is-resized\"><img loading=\"lazy\" decoding=\"async\" width=\"683\" height=\"1024\" src=\"https:\/\/polskamisja.fr\/wp-content\/uploads\/2025\/04\/signal-2025-04-05-134640_002-683x1024.jpeg\" alt=\"\" class=\"wp-image-1821\" style=\"width:498px;height:auto\" srcset=\"https:\/\/polskamisja.fr\/wp-content\/uploads\/2025\/04\/signal-2025-04-05-134640_002-683x1024.jpeg 683w, https:\/\/polskamisja.fr\/wp-content\/uploads\/2025\/04\/signal-2025-04-05-134640_002-200x300.jpeg 200w, https:\/\/polskamisja.fr\/wp-content\/uploads\/2025\/04\/signal-2025-04-05-134640_002.jpeg 720w\" sizes=\"auto, (max-width: 683px) 100vw, 683px\" \/><\/figure>\n\n\n\n<figure class=\"wp-block-image size-full\"><img loading=\"lazy\" decoding=\"async\" width=\"501\" height=\"495\" src=\"https:\/\/polskamisja.fr\/wp-content\/uploads\/2025\/04\/Program-Triduum-i-Wielkanoc-Niedziela-Palmowa-13-kwietnia-o-godz.-18.00-Msza-sw.-rozpoczynajaca-sie-od-obrzedu-poswiecenia-Palem-na-zewnatrz-Kosciola-w-Pouilly-TRIDUUM-PASCHALNE-17-19-kwietnia.png\" alt=\"\" class=\"wp-image-1819\" srcset=\"https:\/\/polskamisja.fr\/wp-content\/uploads\/2025\/04\/Program-Triduum-i-Wielkanoc-Niedziela-Palmowa-13-kwietnia-o-godz.-18.00-Msza-sw.-rozpoczynajaca-sie-od-obrzedu-poswiecenia-Palem-na-zewnatrz-Kosciola-w-Pouilly-TRIDUUM-PASCHALNE-17-19-kwietnia.png 501w, https:\/\/polskamisja.fr\/wp-content\/uploads\/2025\/04\/Program-Triduum-i-Wielkanoc-Niedziela-Palmowa-13-kwietnia-o-godz.-18.00-Msza-sw.-rozpoczynajaca-sie-od-obrzedu-poswiecenia-Palem-na-zewnatrz-Kosciola-w-Pouilly-TRIDUUM-PASCHALNE-17-19-kwietnia-300x296.png 300w, https:\/\/polskamisja.fr\/wp-content\/uploads\/2025\/04\/Program-Triduum-i-Wielkanoc-Niedziela-Palmowa-13-kwietnia-o-godz.-18.00-Msza-sw.-rozpoczynajaca-sie-od-obrzedu-poswiecenia-Palem-na-zewnatrz-Kosciola-w-Pouilly-TRIDUUM-PASCHALNE-17-19-kwietnia-100x100.png 100w\" sizes=\"auto, (max-width: 501px) 100vw, 501px\" \/><\/figure>\n","protected":false},"excerpt":{"rendered":"","protected":false},"author":5,"featured_media":0,"comment_status":"open","ping_status":"open","sticky":false,"template":"","format":"standard","meta":{"footnotes":""},"categories":[1],"tags":[],"class_list":["post-1814","post","type-post","status-publish","format-standard","hentry","category-uncategorized"],"_links":{"self":[{"href":"https:\/\/polskamisja.fr\/index.php\/wp-json\/wp\/v2\/posts\/1814","targetHints":{"allow":["GET"]}}],"collection":[{"href":"https:\/\/polskamisja.fr\/index.php\/wp-json\/wp\/v2\/posts"}],"about":[{"href":"https:\/\/polskamisja.fr\/index.php\/wp-json\/wp\/v2\/types\/post"}],"author":[{"embeddable":true,"href":"https:\/\/polskamisja.fr\/index.php\/wp-json\/wp\/v2\/users\/5"}],"replies":[{"embeddable":true,"href":"https:\/\/polskamisja.fr\/index.php\/wp-json\/wp\/v2\/comments?post=1814"}],"version-history":[{"count":3,"href":"https:\/\/polskamisja.fr\/index.php\/wp-json\/wp\/v2\/posts\/1814\/revisions"}],"predecessor-version":[{"id":1822,"href":"https:\/\/polskamisja.fr\/index.php\/wp-json\/wp\/v2\/posts\/1814\/revisions\/1822"}],"wp:attachment":[{"href":"https:\/\/polskamisja.fr\/index.php\/wp-json\/wp\/v2\/media?parent=1814"}],"wp:term":[{"taxonomy":"category","embeddable":true,"href":"https:\/\/polskamisja.fr\/index.php\/wp-json\/wp\/v2\/categories?post=1814"},{"taxonomy":"post_tag","embeddable":true,"href":"https:\/\/polskamisja.fr\/index.php\/wp-json\/wp\/v2\/tags?post=1814"}],"curies":[{"name":"wp","href":"https:\/\/api.w.org\/{rel}","templated":true}]}}