{"id":1774,"date":"2025-03-16T15:53:57","date_gmt":"2025-03-16T13:53:57","guid":{"rendered":"https:\/\/polskamisja.fr\/?p=1774"},"modified":"2025-03-16T15:53:57","modified_gmt":"2025-03-16T13:53:57","slug":"16-marca-2025","status":"publish","type":"post","link":"https:\/\/polskamisja.fr\/index.php\/2025\/03\/16\/16-marca-2025\/","title":{"rendered":"16 marca 2025"},"content":{"rendered":"\n<ol class=\"wp-block-list\">\n<li>Ch\u00f3r, kt\u00f3ry dzi\u015b animuje \u015bpiew w czasie sesji formacyjnej PMK w Paray-le-Monial dzi\u0119kuj\u0119 za wsparcie przekazane na zako\u0144czenie warsztat\u00f3w i wieczoru uwielbienia w ubieg\u0142\u0105 niedziel\u0119, a kt\u00f3re wynios\u0142o 263\u20ac i 119,5 CHF. B\u00f3g zap\u0142a\u0107 !<\/li>\n\n\n\n<li>W tym tygodniu ekstremalna droga krzy\u017cowa. Trasa z zesz\u0142ego roku. Wyj\u015bcie o 20h w pi\u0105tek 21 marca z kaplicy w Saint Genis. Prawie 30 kilometr\u00f3w w ciszy przerywanej rozwa\u017caniami nades\u0142anymi przez polskich organizator\u00f3w. Koniec przy kapliczce w Vesancy. Organizujemy transport uczestnik\u00f3w z powrotem do kaplicy domu parafialnego gdzie b\u0119dzie czeka\u0142 ma\u0142y pocz\u0119stunek. Zapisy u ks Jana 0663224891. R\u00f3wnocze\u015bnie przez ca\u0142y czas trwania Drogi Krzy\u017cowej w kaplicy b\u0119dzie trwa\u0142a adoracja naj\u015bwi\u0119tszego sakramentu do kt\u00f3rej mo\u017cna w ka\u017cdej chwili do\u0142\u0105czy\u0107.<\/li>\n\n\n\n<li>W najbli\u017csz\u0105 niedziel\u0119 katecheza o 15h45.<\/li>\n<\/ol>\n\n\n\n<p><\/p>\n","protected":false},"excerpt":{"rendered":"","protected":false},"author":1,"featured_media":0,"comment_status":"open","ping_status":"open","sticky":false,"template":"","format":"standard","meta":{"footnotes":""},"categories":[1],"tags":[],"class_list":["post-1774","post","type-post","status-publish","format-standard","hentry","category-uncategorized"],"_links":{"self":[{"href":"https:\/\/polskamisja.fr\/index.php\/wp-json\/wp\/v2\/posts\/1774","targetHints":{"allow":["GET"]}}],"collection":[{"href":"https:\/\/polskamisja.fr\/index.php\/wp-json\/wp\/v2\/posts"}],"about":[{"href":"https:\/\/polskamisja.fr\/index.php\/wp-json\/wp\/v2\/types\/post"}],"author":[{"embeddable":true,"href":"https:\/\/polskamisja.fr\/index.php\/wp-json\/wp\/v2\/users\/1"}],"replies":[{"embeddable":true,"href":"https:\/\/polskamisja.fr\/index.php\/wp-json\/wp\/v2\/comments?post=1774"}],"version-history":[{"count":1,"href":"https:\/\/polskamisja.fr\/index.php\/wp-json\/wp\/v2\/posts\/1774\/revisions"}],"predecessor-version":[{"id":1775,"href":"https:\/\/polskamisja.fr\/index.php\/wp-json\/wp\/v2\/posts\/1774\/revisions\/1775"}],"wp:attachment":[{"href":"https:\/\/polskamisja.fr\/index.php\/wp-json\/wp\/v2\/media?parent=1774"}],"wp:term":[{"taxonomy":"category","embeddable":true,"href":"https:\/\/polskamisja.fr\/index.php\/wp-json\/wp\/v2\/categories?post=1774"},{"taxonomy":"post_tag","embeddable":true,"href":"https:\/\/polskamisja.fr\/index.php\/wp-json\/wp\/v2\/tags?post=1774"}],"curies":[{"name":"wp","href":"https:\/\/api.w.org\/{rel}","templated":true}]}}