{"id":1744,"date":"2025-03-02T16:02:09","date_gmt":"2025-03-02T14:02:09","guid":{"rendered":"https:\/\/polskamisja.fr\/?p=1744"},"modified":"2025-03-02T16:19:39","modified_gmt":"2025-03-02T14:19:39","slug":"2-marca-2025","status":"publish","type":"post","link":"https:\/\/polskamisja.fr\/index.php\/2025\/03\/02\/2-marca-2025\/","title":{"rendered":"2 marca 2025"},"content":{"rendered":"\n<ol class=\"wp-block-list\">\n<li>Najbli\u017csza \u015broda to  <strong>\u015aroda Popielcowa<\/strong>, kt\u00f3ra rozpoczyna b\u0142ogos\u0142awiony czas Wielkiego Postu. Msza \u015bw. z posypaniem g\u0142\u00f3w popio\u0142em o 19h w kaplicy domu parafialnego. <em>Aby dobrze prze\u017cy\u0107 ten dzie\u0144 podejmijmy \u00a0<strong>post \u015bcis\u0142y<\/strong>\u00a0(obowi\u0105zuje katolik\u00f3w od 18 do 60 roku \u017cycia)<strong>\u00a0 i abstynencj\u0119 od pokarm\u00f3w mi\u0119snych\u00a0<\/strong>(od 14 roku \u017cycia). <a href=\"http:\/\/www.kerygma.pl\/kodeks-prawa-kanonicznego\/180-kpk-1249-1253\">KPK 1252<\/a><\/em><\/li>\n\n\n\n<li>W tym tygodniu tak\u017ce<strong> pierwszy pi\u0105tek <\/strong>miesi\u0105ca. Msza \u015bw. jak zawsze o 20h w kaplicy domu parafialnego. Spowied\u017a przed Msz\u0105 o 19h15, a tak\u017ce po Mszy \u015bw.<\/li>\n\n\n\n<li>Za tydzie\u0144 w niedziel\u0119 zako\u0144czenie warsztat\u00f3w muzyki liturgicznej. Po Mszy \u015bw. zapraszamy na <strong>wiecz\u00f3r uwielbienia<\/strong> <em>(zob. poni\u017cszy plakat). <\/em> Zapro\u015bcie znajomych ! <\/li>\n\n\n\n<li>Od 11 do 13 kwietnia odb\u0119d\u0105 si\u0119<strong> rekolekcje parafialne. <\/strong><\/li>\n\n\n\n<li>Gorzkie \u017cale b\u0119d\u0105 w ka\u017cd\u0105 niedziel\u0119 Wielkiego Postu od 17h40. W tym tygodniu nie b\u0119dzie Drogi Krzy\u017cowej ze wzgl\u0119du na warsztaty muzyki liturgicznej. Szczeg\u00f3\u0142owy program nabo\u017ce\u0144stw wielkopostnych zobaczymy w kolejn\u0105 niedziel\u0119. <\/li>\n<\/ol>\n\n\n\n<figure class=\"wp-block-image size-large\"><img loading=\"lazy\" decoding=\"async\" width=\"727\" height=\"1024\" src=\"https:\/\/polskamisja.fr\/wp-content\/uploads\/2025\/03\/signal-2025-03-01-174631_003-727x1024.jpeg\" alt=\"\" class=\"wp-image-1753\" srcset=\"https:\/\/polskamisja.fr\/wp-content\/uploads\/2025\/03\/signal-2025-03-01-174631_003-727x1024.jpeg 727w, https:\/\/polskamisja.fr\/wp-content\/uploads\/2025\/03\/signal-2025-03-01-174631_003-213x300.jpeg 213w, https:\/\/polskamisja.fr\/wp-content\/uploads\/2025\/03\/signal-2025-03-01-174631_003-768x1082.jpeg 768w, https:\/\/polskamisja.fr\/wp-content\/uploads\/2025\/03\/signal-2025-03-01-174631_003-1091x1536.jpeg 1091w, https:\/\/polskamisja.fr\/wp-content\/uploads\/2025\/03\/signal-2025-03-01-174631_003.jpeg 1136w\" sizes=\"auto, (max-width: 727px) 100vw, 727px\" \/><\/figure>\n","protected":false},"excerpt":{"rendered":"","protected":false},"author":5,"featured_media":0,"comment_status":"open","ping_status":"open","sticky":false,"template":"","format":"standard","meta":{"footnotes":""},"categories":[1],"tags":[],"class_list":["post-1744","post","type-post","status-publish","format-standard","hentry","category-uncategorized"],"_links":{"self":[{"href":"https:\/\/polskamisja.fr\/index.php\/wp-json\/wp\/v2\/posts\/1744","targetHints":{"allow":["GET"]}}],"collection":[{"href":"https:\/\/polskamisja.fr\/index.php\/wp-json\/wp\/v2\/posts"}],"about":[{"href":"https:\/\/polskamisja.fr\/index.php\/wp-json\/wp\/v2\/types\/post"}],"author":[{"embeddable":true,"href":"https:\/\/polskamisja.fr\/index.php\/wp-json\/wp\/v2\/users\/5"}],"replies":[{"embeddable":true,"href":"https:\/\/polskamisja.fr\/index.php\/wp-json\/wp\/v2\/comments?post=1744"}],"version-history":[{"count":4,"href":"https:\/\/polskamisja.fr\/index.php\/wp-json\/wp\/v2\/posts\/1744\/revisions"}],"predecessor-version":[{"id":1755,"href":"https:\/\/polskamisja.fr\/index.php\/wp-json\/wp\/v2\/posts\/1744\/revisions\/1755"}],"wp:attachment":[{"href":"https:\/\/polskamisja.fr\/index.php\/wp-json\/wp\/v2\/media?parent=1744"}],"wp:term":[{"taxonomy":"category","embeddable":true,"href":"https:\/\/polskamisja.fr\/index.php\/wp-json\/wp\/v2\/categories?post=1744"},{"taxonomy":"post_tag","embeddable":true,"href":"https:\/\/polskamisja.fr\/index.php\/wp-json\/wp\/v2\/tags?post=1744"}],"curies":[{"name":"wp","href":"https:\/\/api.w.org\/{rel}","templated":true}]}}