{"id":1723,"date":"2025-02-16T16:41:27","date_gmt":"2025-02-16T14:41:27","guid":{"rendered":"https:\/\/polskamisja.fr\/?p=1723"},"modified":"2025-02-18T17:35:49","modified_gmt":"2025-02-18T15:35:49","slug":"16-lutego-2025","status":"publish","type":"post","link":"https:\/\/polskamisja.fr\/index.php\/2025\/02\/16\/16-lutego-2025\/","title":{"rendered":"16 lutego 2025"},"content":{"rendered":"\n<ol class=\"wp-block-list\">\n<li>Wczoraj do Pana odszed\u0142<strong> \u015bp. Pawe\u0142 de Barbaro<\/strong>. Nabo\u017ce\u0144stwo pogrzebowe odb\u0119dzie si\u0119 w ko\u015bciele w Pouilly w pi\u0105tek 21 lutego o 14h30. Rozpocznie si\u0119 wprowadzeniem cia\u0142a do Ko\u015bcio\u0142a i R\u00f3\u017ca\u0144cem, a o 15h Msza \u015bw. Dzi\u0119kuj\u0105c za \u017cycie naszego brata prosimy Boga aby przyj\u0105\u0142 jego dusz\u0119 oraz o pociech\u0119 dla jego \u017cony i dzieci.<\/li>\n\n\n\n<li>Dzi\u015b cz\u0142onkowie<strong> grupy m\u0142odzie\u017cowej <\/strong>rozegrali turniej tenisa sto\u0142owego. Gratulujemy Piotrowi, zwyci\u0119zcy zawod\u00f3w.<\/li>\n\n\n\n<li>W imieniu tr\u0119dowatych i zakonu malta\u0144skiego serdeczne B\u00f3g zap\u0142a\u0107 za ofiary z\u0142o\u017cone na dzie\u0142o pomocy<strong> chorym na tr\u0105d. <\/strong>Po naszej Mszy \u015bw. z\u0142o\u017cono 319\u20ac. Ofiary, kt\u00f3re z\u0142o\u017cono w dekanacie (przycisk &#8222;pobierz&#8221;):<\/li>\n<\/ol>\n\n\n\n<div class=\"wp-block-file\"><a id=\"wp-block-file--media-759c5123-17e0-4636-839b-1c720745558e\" href=\"https:\/\/polskamisja.fr\/wp-content\/uploads\/2025\/02\/obraz_2025-02-16_154033737.png\">obraz_2025-02-16_154033737<\/a><a href=\"https:\/\/polskamisja.fr\/wp-content\/uploads\/2025\/02\/obraz_2025-02-16_154033737.png\" class=\"wp-block-file__button wp-element-button\" download aria-describedby=\"wp-block-file--media-759c5123-17e0-4636-839b-1c720745558e\">Pobierz<\/a><\/div>\n\n\n\n<figure class=\"wp-block-image size-full\"><img loading=\"lazy\" decoding=\"async\" width=\"648\" height=\"429\" src=\"https:\/\/polskamisja.fr\/wp-content\/uploads\/2025\/02\/obraz_2025-02-16_154439647.png\" alt=\"\" class=\"wp-image-1729\" srcset=\"https:\/\/polskamisja.fr\/wp-content\/uploads\/2025\/02\/obraz_2025-02-16_154439647.png 648w, https:\/\/polskamisja.fr\/wp-content\/uploads\/2025\/02\/obraz_2025-02-16_154439647-300x199.png 300w\" sizes=\"auto, (max-width: 648px) 100vw, 648px\" \/><figcaption class=\"wp-element-caption\"><em>\u0179r\u00f3d\u0142o: Biblia.wiara.pl<\/em><\/figcaption><\/figure>\n","protected":false},"excerpt":{"rendered":"","protected":false},"author":5,"featured_media":0,"comment_status":"open","ping_status":"open","sticky":false,"template":"","format":"standard","meta":{"footnotes":""},"categories":[1],"tags":[],"class_list":["post-1723","post","type-post","status-publish","format-standard","hentry","category-uncategorized"],"_links":{"self":[{"href":"https:\/\/polskamisja.fr\/index.php\/wp-json\/wp\/v2\/posts\/1723","targetHints":{"allow":["GET"]}}],"collection":[{"href":"https:\/\/polskamisja.fr\/index.php\/wp-json\/wp\/v2\/posts"}],"about":[{"href":"https:\/\/polskamisja.fr\/index.php\/wp-json\/wp\/v2\/types\/post"}],"author":[{"embeddable":true,"href":"https:\/\/polskamisja.fr\/index.php\/wp-json\/wp\/v2\/users\/5"}],"replies":[{"embeddable":true,"href":"https:\/\/polskamisja.fr\/index.php\/wp-json\/wp\/v2\/comments?post=1723"}],"version-history":[{"count":8,"href":"https:\/\/polskamisja.fr\/index.php\/wp-json\/wp\/v2\/posts\/1723\/revisions"}],"predecessor-version":[{"id":1742,"href":"https:\/\/polskamisja.fr\/index.php\/wp-json\/wp\/v2\/posts\/1723\/revisions\/1742"}],"wp:attachment":[{"href":"https:\/\/polskamisja.fr\/index.php\/wp-json\/wp\/v2\/media?parent=1723"}],"wp:term":[{"taxonomy":"category","embeddable":true,"href":"https:\/\/polskamisja.fr\/index.php\/wp-json\/wp\/v2\/categories?post=1723"},{"taxonomy":"post_tag","embeddable":true,"href":"https:\/\/polskamisja.fr\/index.php\/wp-json\/wp\/v2\/tags?post=1723"}],"curies":[{"name":"wp","href":"https:\/\/api.w.org\/{rel}","templated":true}]}}