{"id":1716,"date":"2025-02-04T13:06:13","date_gmt":"2025-02-04T11:06:13","guid":{"rendered":"https:\/\/polskamisja.fr\/?p=1716"},"modified":"2025-02-04T16:40:27","modified_gmt":"2025-02-04T14:40:27","slug":"2-lutego-2025","status":"publish","type":"post","link":"https:\/\/polskamisja.fr\/index.php\/2025\/02\/04\/2-lutego-2025\/","title":{"rendered":"2 lutego 2025"},"content":{"rendered":"\n<ol class=\"wp-block-list\">\n<li>W tym tygodniu <strong>pierwszy pi\u0105tek<\/strong> miesi\u0105ca &#8211; Spowied\u017a o 19h15, Msza \u015bw. o 20h. Zach\u0119camy do zapis\u00f3w na nocn\u0105 adoracj\u0119 Naj\u015bwi\u0119tszego Sakramentu z pi\u0105tku na sobot\u0119. <\/li>\n\n\n\n<li>W zwi\u0105zku z <strong>pielgrzymk\u0105 <\/strong>ministrant\u00f3w i liturgicznej s\u0142u\u017cby o\u0142tarza do Ars w najbli\u017csz\u0105 <strong>sobot\u0119 7.02 nie b\u0119dzie rano polskiej spowiedzi <\/strong>w kaplicy.<\/li>\n\n\n\n<li>W niedziel\u0119 po Mszy \u015bw. <strong>spotkanie integracyjne <\/strong><\/li>\n\n\n\n<li>W poniedzia\u0142ek 10 lutego o 20h spotkanie<strong> rady wsp\u00f3lnoty. <\/strong><\/li>\n\n\n\n<li>Kolejne\u00a0<strong>spotkanie biblijne<\/strong>\u00a011 lutego o 20h w domu parafialnym.<\/li>\n\n\n\n<li>Za tydzie\u0144 figura Jezusa dobrego pasterza wr\u00f3ci do naszej wsp\u00f3lnoty. Kontynuujemy\u00a0<strong>peregrynacj\u0119\u00a0<\/strong>prosz\u0105c o nowe, \u015bwi\u0119te powo\u0142ania do s\u0142u\u017cby Bogu. Mo\u017cna zapisywa\u0107 si\u0119 na kolejne tygodnie.<\/li>\n\n\n\n<li>Zostali\u015bmy poproszeni o modlitw\u0119 w int. naszego biskupa od polonii na ca\u0142ym \u015bwiecie (bp Piotr Turzy\u0144ski, poni\u017cej na zdj\u0119ciu). Ks. Biskup od roku walczy dzielnie z nowotworem. <\/li>\n<\/ol>\n\n\n\n<figure class=\"wp-block-image size-full\"><img loading=\"lazy\" decoding=\"async\" width=\"486\" height=\"369\" src=\"https:\/\/polskamisja.fr\/wp-content\/uploads\/2025\/02\/obraz_2025-02-04_120603565.png\" alt=\"\" class=\"wp-image-1719\" srcset=\"https:\/\/polskamisja.fr\/wp-content\/uploads\/2025\/02\/obraz_2025-02-04_120603565.png 486w, https:\/\/polskamisja.fr\/wp-content\/uploads\/2025\/02\/obraz_2025-02-04_120603565-300x228.png 300w\" sizes=\"auto, (max-width: 486px) 100vw, 486px\" \/><\/figure>\n","protected":false},"excerpt":{"rendered":"","protected":false},"author":5,"featured_media":0,"comment_status":"open","ping_status":"open","sticky":false,"template":"","format":"standard","meta":{"footnotes":""},"categories":[1],"tags":[],"class_list":["post-1716","post","type-post","status-publish","format-standard","hentry","category-uncategorized"],"_links":{"self":[{"href":"https:\/\/polskamisja.fr\/index.php\/wp-json\/wp\/v2\/posts\/1716","targetHints":{"allow":["GET"]}}],"collection":[{"href":"https:\/\/polskamisja.fr\/index.php\/wp-json\/wp\/v2\/posts"}],"about":[{"href":"https:\/\/polskamisja.fr\/index.php\/wp-json\/wp\/v2\/types\/post"}],"author":[{"embeddable":true,"href":"https:\/\/polskamisja.fr\/index.php\/wp-json\/wp\/v2\/users\/5"}],"replies":[{"embeddable":true,"href":"https:\/\/polskamisja.fr\/index.php\/wp-json\/wp\/v2\/comments?post=1716"}],"version-history":[{"count":3,"href":"https:\/\/polskamisja.fr\/index.php\/wp-json\/wp\/v2\/posts\/1716\/revisions"}],"predecessor-version":[{"id":1722,"href":"https:\/\/polskamisja.fr\/index.php\/wp-json\/wp\/v2\/posts\/1716\/revisions\/1722"}],"wp:attachment":[{"href":"https:\/\/polskamisja.fr\/index.php\/wp-json\/wp\/v2\/media?parent=1716"}],"wp:term":[{"taxonomy":"category","embeddable":true,"href":"https:\/\/polskamisja.fr\/index.php\/wp-json\/wp\/v2\/categories?post=1716"},{"taxonomy":"post_tag","embeddable":true,"href":"https:\/\/polskamisja.fr\/index.php\/wp-json\/wp\/v2\/tags?post=1716"}],"curies":[{"name":"wp","href":"https:\/\/api.w.org\/{rel}","templated":true}]}}