{"id":1708,"date":"2025-01-25T15:40:28","date_gmt":"2025-01-25T13:40:28","guid":{"rendered":"https:\/\/polskamisja.fr\/?p=1708"},"modified":"2025-01-25T15:51:29","modified_gmt":"2025-01-25T13:51:29","slug":"26-stycznia-2025","status":"publish","type":"post","link":"https:\/\/polskamisja.fr\/index.php\/2025\/01\/25\/26-stycznia-2025\/","title":{"rendered":"26 stycznia 2025"},"content":{"rendered":"\n<ol class=\"wp-block-list\">\n<li>Dzi\u015b po Mszy \u015bw. <strong>kol\u0119dowy wiecz\u00f3r uwielbienia <\/strong>&#8211; pozosta\u0144cie z nami. <\/li>\n\n\n\n<li>W przysz\u0142ym tygodniu nasz <strong>ch\u00f3r<\/strong> b\u0119dzie uczestniczy\u0107 wraz  z p. Hubertem Kowalskim w warsztatach muzyki liturgicznej w Pary\u017cu XVI, w parafii \u015bw. Genowefy (Exelmans). <\/li>\n\n\n\n<li>Kolejne <strong>spotkanie biblijne<\/strong> 10 lutego o 20h w domu parafialnym. <\/li>\n\n\n\n<li>Za tydzie\u0144 uroczysto\u015b\u0107 ofiarowania Pa\u0144skiego &#8211; tzw. <strong>Matki Bo\u017cej Gromnicznej<\/strong>. Mo\u017cna przynie\u015b\u0107 <strong>\u015bwiec\u0119 <\/strong>jako znak \u015bwiat\u0142o\u015bci, kt\u00f3r\u0105 przynosi Chrystus. \u015awiece zostan\u0105 pob\u0142ogos\u0142awione w czasie Mszy \u015bw. Msza \u015bw. b\u0119dzie odprawiana <strong>w zbiorowej intencji <\/strong>&#8211; mo\u017cna przesy\u0142a\u0107 mailem, signalem czy w inny spos\u00f3b. <br>Przed Msz\u0105 \u015bw. <strong>katecheza <\/strong>&#8211; tradycyjnie 15h45 w domu parafialnym. <\/li>\n\n\n\n<li>Za tydzie\u0144 figura Jezusa dobrego pasterza wr\u00f3ci do naszej wsp\u00f3lnoty. Kontynuujemy <strong>peregrynacj\u0119 <\/strong>prosz\u0105c o nowe, \u015bwi\u0119te powo\u0142ania do s\u0142u\u017cby Bogu. Mo\u017cna zapisywa\u0107 si\u0119 na kolejne tygodnie. <br><\/li>\n<\/ol>\n\n\n\n<p><\/p>\n","protected":false},"excerpt":{"rendered":"","protected":false},"author":5,"featured_media":0,"comment_status":"open","ping_status":"open","sticky":false,"template":"","format":"standard","meta":{"footnotes":""},"categories":[1],"tags":[],"class_list":["post-1708","post","type-post","status-publish","format-standard","hentry","category-uncategorized"],"_links":{"self":[{"href":"https:\/\/polskamisja.fr\/index.php\/wp-json\/wp\/v2\/posts\/1708","targetHints":{"allow":["GET"]}}],"collection":[{"href":"https:\/\/polskamisja.fr\/index.php\/wp-json\/wp\/v2\/posts"}],"about":[{"href":"https:\/\/polskamisja.fr\/index.php\/wp-json\/wp\/v2\/types\/post"}],"author":[{"embeddable":true,"href":"https:\/\/polskamisja.fr\/index.php\/wp-json\/wp\/v2\/users\/5"}],"replies":[{"embeddable":true,"href":"https:\/\/polskamisja.fr\/index.php\/wp-json\/wp\/v2\/comments?post=1708"}],"version-history":[{"count":3,"href":"https:\/\/polskamisja.fr\/index.php\/wp-json\/wp\/v2\/posts\/1708\/revisions"}],"predecessor-version":[{"id":1715,"href":"https:\/\/polskamisja.fr\/index.php\/wp-json\/wp\/v2\/posts\/1708\/revisions\/1715"}],"wp:attachment":[{"href":"https:\/\/polskamisja.fr\/index.php\/wp-json\/wp\/v2\/media?parent=1708"}],"wp:term":[{"taxonomy":"category","embeddable":true,"href":"https:\/\/polskamisja.fr\/index.php\/wp-json\/wp\/v2\/categories?post=1708"},{"taxonomy":"post_tag","embeddable":true,"href":"https:\/\/polskamisja.fr\/index.php\/wp-json\/wp\/v2\/tags?post=1708"}],"curies":[{"name":"wp","href":"https:\/\/api.w.org\/{rel}","templated":true}]}}