{"id":1706,"date":"2025-02-27T10:16:27","date_gmt":"2025-02-27T08:16:27","guid":{"rendered":"https:\/\/polskamisja.fr\/?p=1706"},"modified":"2025-03-02T15:01:07","modified_gmt":"2025-03-02T13:01:07","slug":"27-lutego-2025","status":"publish","type":"post","link":"https:\/\/polskamisja.fr\/index.php\/2025\/02\/27\/27-lutego-2025\/","title":{"rendered":"27 lutego 2025"},"content":{"rendered":"\n<ol class=\"wp-block-list\">\n<li><strong>\u015aroda Popielcowa<\/strong> przypada 5 marca. Msza \u015bw. z posypaniem g\u0142\u00f3w popio\u0142em o 19h w kaplicy domu parafialnego. <\/li>\n\n\n\n<li>Przez kilka dni b\u0119d\u0119 w Polsce. St\u0105d <strong>w sobot\u0119 1 marca nie b\u0119dzie rano spowiedzi <\/strong>w j\u0119zyku polskim. W niedziel\u0119 zast\u0105pi mnie ks. Krzysztof ze Satigny &#8211; spowied\u017a p\u00f3\u0142 godziny przed Msz\u0105 \u015bw. <\/li>\n\n\n\n<li>Tradycyjnie Msza \u015bw. w najbli\u017csz\u0105 niedziel\u0119 b\u0119dzie sprawowana<strong> w intencjach zbiorowych <\/strong>&#8211; mo\u017cna je wysy\u0142a\u0107 do mnie do niedzieli do 16h lub przekaza\u0107 bezpo\u015brednio ks. Krzysztofowi przed Msz\u0105 \u015bw. <\/li>\n<\/ol>\n\n\n\n<p><\/p>\n","protected":false},"excerpt":{"rendered":"","protected":false},"author":5,"featured_media":0,"comment_status":"open","ping_status":"open","sticky":false,"template":"","format":"standard","meta":{"footnotes":""},"categories":[1],"tags":[],"class_list":["post-1706","post","type-post","status-publish","format-standard","hentry","category-uncategorized"],"_links":{"self":[{"href":"https:\/\/polskamisja.fr\/index.php\/wp-json\/wp\/v2\/posts\/1706","targetHints":{"allow":["GET"]}}],"collection":[{"href":"https:\/\/polskamisja.fr\/index.php\/wp-json\/wp\/v2\/posts"}],"about":[{"href":"https:\/\/polskamisja.fr\/index.php\/wp-json\/wp\/v2\/types\/post"}],"author":[{"embeddable":true,"href":"https:\/\/polskamisja.fr\/index.php\/wp-json\/wp\/v2\/users\/5"}],"replies":[{"embeddable":true,"href":"https:\/\/polskamisja.fr\/index.php\/wp-json\/wp\/v2\/comments?post=1706"}],"version-history":[{"count":3,"href":"https:\/\/polskamisja.fr\/index.php\/wp-json\/wp\/v2\/posts\/1706\/revisions"}],"predecessor-version":[{"id":1747,"href":"https:\/\/polskamisja.fr\/index.php\/wp-json\/wp\/v2\/posts\/1706\/revisions\/1747"}],"wp:attachment":[{"href":"https:\/\/polskamisja.fr\/index.php\/wp-json\/wp\/v2\/media?parent=1706"}],"wp:term":[{"taxonomy":"category","embeddable":true,"href":"https:\/\/polskamisja.fr\/index.php\/wp-json\/wp\/v2\/categories?post=1706"},{"taxonomy":"post_tag","embeddable":true,"href":"https:\/\/polskamisja.fr\/index.php\/wp-json\/wp\/v2\/tags?post=1706"}],"curies":[{"name":"wp","href":"https:\/\/api.w.org\/{rel}","templated":true}]}}