{"id":1457,"date":"2024-06-16T10:40:36","date_gmt":"2024-06-16T08:40:36","guid":{"rendered":"https:\/\/polskamisja.fr\/?p=1457"},"modified":"2024-06-16T12:07:05","modified_gmt":"2024-06-16T10:07:05","slug":"ogloszenia-16-06-2024","status":"publish","type":"post","link":"https:\/\/polskamisja.fr\/index.php\/2024\/06\/16\/ogloszenia-16-06-2024\/","title":{"rendered":"OG\u0141OSZENIA 16.06.2024"},"content":{"rendered":"\n<p>1. Bardzo dzi\u0119kuj\u0119 za dzisiejszy dzie\u0144 wsp\u00f3lnotowy &#8211; za piknik, za Msz\u0119 \u015awi\u0119t\u0105 i za Adoracj\u0119, kt\u00f3r\u0105 za chwil\u0119 rozpoczniemy. <br>W og\u0142oszeniu, kt\u00f3re zapowiada\u0142o ten dzie\u0144 napisali\u015bcie, \u017ce macie za co dzi\u0119kowa\u0107&#8230; Powiem szczerze, \u017ce Pan B\u00f3g i Wy dali\u015bcie mi tutaj znacznie wi\u0119cej powod\u00f3w do wdzi\u0119czno\u015bci w czasie tych 3 lat! Jestem wdzi\u0119czny Bogu, \u017ce da\u0142 mi \u0142ask\u0119 bycia z Wami &#8211; ciesz\u0119 si\u0119, \u017ce mog\u0142em tutaj by\u0107; ciesz\u0119 si\u0119, \u017ce wraz z wami mog\u0142em wzrasta\u0107 w wierze; ciesz\u0119 si\u0119, \u017ce mog\u0142em odkrywa\u0107 jeszcze bardziej co to znaczy by\u0107 ksi\u0119dzem; ciesz\u0119 si\u0119 z tego wszystkiego dobra, kt\u00f3re tutaj si\u0119 wydarzy\u0142o; ciesz\u0119 si\u0119 z tej Wsp\u00f3lnoty, kt\u00f3ra stanowi dla mnie wielkie wsparcie. <br>S\u0105 takie sytuacje, momenty, kt\u00f3rych Wam nigdy nie zapomn\u0119&#8230; Kiedy prze\u017cywa\u0142em najwi\u0119ksz\u0105 tragedi\u0119 w swoim \u017cyciu zwi\u0105zan\u0105 ze \u015bmierci\u0105 mojej Mamy&#8230; by\u0142o to dla mnie niesamowite, w jaki spos\u00f3b chcieli\u015bcie i towarzyszyli\u015bcie mi w tej sytuacji. Wsparcie i wyrozumia\u0142o\u015b\u0107 jakiego wtedy do\u015bwiadczy\u0142em ju\u017c na zawsze pozostan\u0105 w moim sercu!<br>To w\u0142a\u015bnie przy Was zrozumia\u0142em, \u017ce b\u0119d\u0105c ksi\u0119dzem nie musz\u0119 by\u0107 idealny, nie musz\u0119 chowa\u0107 uczu\u0107 i emocji, a mog\u0119 by\u0107 ksi\u0119dzem z konkretn\u0105 twarz\u0105 (czasem bardzo poranion\u0105) i histori\u0105, kt\u00f3ra nie zawsze jest prosta&#8230; ale ukierunkowana na Boga!<br>Nie chce nikogo wyr\u00f3\u017cnia\u0107 i dzi\u0119kowa\u0107 imiennie &#8211; to mam nadziej\u0119 wyra\u017ca\u0142em przez te 3 lata lub wyra\u017c\u0119 w spos\u00f3b indywidualny. Chce podzi\u0119kowa\u0107 Wam wszystkim z ca\u0142ego serca! DZI\u0118KUJ\u0118!<br>I prosz\u0119 Was m\u00f3dlcie si\u0119 za mnie! Ja zw\u0142aszcza w modlitwie brewiarzem o Was pami\u0119tam!<\/p>\n\n\n\n<p>Dzi\u015b jest oficjalne po\u017cegnanie, z racji tego, \u017ce na wakacje prawdopodobnie si\u0119 rozjedziemy, ale je\u015bli pozwolicie to w parafii zostan\u0119 jeszcze do 7 sierpnia. P\u00f3\u017aniej skorzystam z wakacji, aby we wrze\u015bniu by\u0107 w Polsce i przygotowywa\u0107 si\u0119 do wyjazdu do Afryki. 18 wrze\u015bnia Biskup Tarnowski po\u015ble mnie do pos\u0142ugi w stolicy RCA &#8211; Bangui.<\/p>\n\n\n\n<p>2. Ju\u017c zosta\u0142o og\u0142oszone w spos\u00f3b oficjalny, \u017ce od wrze\u015bnia w\u015br\u00f3d Was pos\u0142ugiwa\u0107 b\u0119dzie <strong>ks. Jan Dziedzina <\/strong>&#8211; to m\u00f3j kolega rocznikowy z seminarium, wi\u0119c znamy si\u0119 bardzo dobrze. Zach\u0119cam Was ju\u017c teraz do modlitwy w jego intencji.<\/p>\n\n\n\n<p>3. W naszej wsp\u00f3lnocie wydarzy\u0142o si\u0119 wiele dobra, czego dowodem jest<strong> raport z naszej dzia\u0142alno\u015bci<\/strong>. Od dzi\u015b b\u0119dzie on dost\u0119pny w przedsionku ko\u015bcio\u0142a (i nied\u0142ugo pojawi si\u0119 na stronie internetowej), bardzo zach\u0119cam do zapoznania si\u0119 z nim; bardzo ciekawe s\u0105 wyniki ankiety, kt\u00f3ra zosta\u0142a przeprowadzona. Dzi\u0119kuj\u0119 wszystkim, dzi\u0119ki kt\u00f3rym to sprawozdanie zaistnia\u0142o; zw\u0142aszcza Kasi za koordynacj\u0119.<\/p>\n\n\n\n<p>4. W ko\u015bciele w Pouilly oraz w kaplicy w St.Genis mo\u017cna zobaczy\u0107 ekspozycj\u0119 \u00abCuda Eucharystyczne\u00bb przygotowan\u0105 przez b\u0142ogos\u0142awionego, a wkr\u00f3tce \u015bwi\u0119tego, <strong>Carlo Acutisa<\/strong>. We <strong>wtorek o godz. 20:30 do 21.30<\/strong> b\u0119dzie w kaplicy modlitwa w j\u0119zyku francuskim z tekstami wypowiedzianymi przez b\u0142. Carlo.<\/p>\n\n\n\n<p>5. W niedziel\u0119 30 czerwca o 10:30 na parkingu przy kaplicy Msza \u015awi\u0119ta mi\u0119dzynarodowa na zako\u0144czenie roku duszpasterskiego a po niej piknik parafialny.&nbsp;<strong>W tym dniu nie b\u0119dzie ju\u017c wieczorem Mszy \u015awi\u0119tej po polsku<\/strong>.<\/p>\n\n\n\n<p>6. W <strong>wszystkie niedziele w lipcu i sierpniu Msze \u015awi\u0119te<\/strong> o 18.00 po polsku b\u0119d\u0105 sprawowane&nbsp;<strong>w kaplicy w St. Genis.<\/strong><\/p>\n","protected":false},"excerpt":{"rendered":"<p>1. Bardzo dzi\u0119kuj\u0119 za dzisiejszy dzie\u0144 wsp\u00f3lnotowy &#8211; za piknik, za Msz\u0119 \u015awi\u0119t\u0105 i za Adoracj\u0119, kt\u00f3r\u0105 za chwil\u0119 rozpoczniemy. W og\u0142oszeniu, kt\u00f3re zapowiada\u0142o ten dzie\u0144 napisali\u015bcie, \u017ce macie za &hellip; <\/p>\n<p class=\"link-more\"><a href=\"https:\/\/polskamisja.fr\/index.php\/2024\/06\/16\/ogloszenia-16-06-2024\/\" class=\"more-link\">Czytaj dalej<span class=\"screen-reader-text\"> \u201eOG\u0141OSZENIA 16.06.2024\u201d<\/span><\/a><\/p>\n","protected":false},"author":5,"featured_media":0,"comment_status":"open","ping_status":"open","sticky":false,"template":"","format":"standard","meta":{"footnotes":""},"categories":[1],"tags":[],"class_list":["post-1457","post","type-post","status-publish","format-standard","hentry","category-uncategorized"],"_links":{"self":[{"href":"https:\/\/polskamisja.fr\/index.php\/wp-json\/wp\/v2\/posts\/1457","targetHints":{"allow":["GET"]}}],"collection":[{"href":"https:\/\/polskamisja.fr\/index.php\/wp-json\/wp\/v2\/posts"}],"about":[{"href":"https:\/\/polskamisja.fr\/index.php\/wp-json\/wp\/v2\/types\/post"}],"author":[{"embeddable":true,"href":"https:\/\/polskamisja.fr\/index.php\/wp-json\/wp\/v2\/users\/5"}],"replies":[{"embeddable":true,"href":"https:\/\/polskamisja.fr\/index.php\/wp-json\/wp\/v2\/comments?post=1457"}],"version-history":[{"count":5,"href":"https:\/\/polskamisja.fr\/index.php\/wp-json\/wp\/v2\/posts\/1457\/revisions"}],"predecessor-version":[{"id":1463,"href":"https:\/\/polskamisja.fr\/index.php\/wp-json\/wp\/v2\/posts\/1457\/revisions\/1463"}],"wp:attachment":[{"href":"https:\/\/polskamisja.fr\/index.php\/wp-json\/wp\/v2\/media?parent=1457"}],"wp:term":[{"taxonomy":"category","embeddable":true,"href":"https:\/\/polskamisja.fr\/index.php\/wp-json\/wp\/v2\/categories?post=1457"},{"taxonomy":"post_tag","embeddable":true,"href":"https:\/\/polskamisja.fr\/index.php\/wp-json\/wp\/v2\/tags?post=1457"}],"curies":[{"name":"wp","href":"https:\/\/api.w.org\/{rel}","templated":true}]}}