{"id":1443,"date":"2024-05-22T11:32:51","date_gmt":"2024-05-22T09:32:51","guid":{"rendered":"https:\/\/polskamisja.fr\/?p=1443"},"modified":"2024-05-22T11:32:51","modified_gmt":"2024-05-22T09:32:51","slug":"ogloszenia-19-05-2024","status":"publish","type":"post","link":"https:\/\/polskamisja.fr\/index.php\/2024\/05\/22\/ogloszenia-19-05-2024\/","title":{"rendered":"OG\u0141OSZENIA 19.05.2024"},"content":{"rendered":"\n<p><\/p>\n\n\n\n<ol class=\"wp-block-list\"><li>Dzi\u015b Uroczysto\u015b\u0107 Zes\u0142ania Ducha \u015awi\u0119tego &#8211; po Mszy \u015awi\u0119tej odb\u0119dzie si\u0119 modlitewne czuwanie; Adoracja zako\u0144czona indywidualnym b\u0142ogos\u0142awie\u0144stwem Naj\u015bwi\u0119tszym Sakramentem.<\/li><li>Bardzo dzi\u0119kuj\u0119 wszystkim, kt\u00f3rzy pomagaj\u0105 w pracach remontowych na plebanii. Dzi\u0119kuj zw\u0142aszcza Bartkowi, kt\u00f3ry po\u015bwi\u0119ca bardzo du\u017co czasu na te prac\u0119.<\/li><li>W poniedzia\u0142ek odb\u0119dzie si\u0119 Msza \u015awi\u0119ta w kaplicy w Vesancy o godz. 11.00. Jest to Msza dla ca\u0142ego dekanatu.<\/li><li>25 maja, w sobot\u0119 o godz. 11.00 w Zakonie Si\u00f3str Betlejemitek w Voirons odb\u0119d\u0105 si\u0119 \u015bluby wieczyste dw\u00f3ch si\u00f3str i mi\u0119dzy innymi Polki. Siostry bardzo by si\u0119 ucieszy\u0142y z obecno\u015bci Polak\u00f3w na tej uroczysto\u015bci i serdecznie nas zapraszaj\u0105. \u015aluby potrwaj\u0105 oko\u0142o 2,5 \u2013 3 godzin a potem jeste\u015bmy zaproszeni na pocz\u0119stunek. Ch\u0119tnych prosz\u0119 o informacj\u0119.<\/li><li>B\u0119d\u0105c w Afryce widzia\u0142em jak ksi\u0105dz b\u0142ogos\u0142awi najm\u0142odsze dzieci we wsp\u00f3lnocie, prezentuj\u0105c je tym samym. U nas takie b\u0142ogos\u0142awie\u0144stwo odb\u0119dzie si\u0119 ju\u017c w te niedziel\u0119, 26 maja w ramach Mszy \u015awi\u0119tej. Jako, \u017ce jest to po raz pierwszy to do takiego b\u0142ogos\u0142awie\u0144stwa mog\u0105 przyst\u0105pi\u0107 dzieci do 3 roku \u017cycia; a ch\u0119tnych prosz\u0119 o kontakt.<\/li><\/ol>\n","protected":false},"excerpt":{"rendered":"<p>Dzi\u015b Uroczysto\u015b\u0107 Zes\u0142ania Ducha \u015awi\u0119tego &#8211; po Mszy \u015awi\u0119tej odb\u0119dzie si\u0119 modlitewne czuwanie; Adoracja zako\u0144czona indywidualnym b\u0142ogos\u0142awie\u0144stwem Naj\u015bwi\u0119tszym Sakramentem. Bardzo dzi\u0119kuj\u0119 wszystkim, kt\u00f3rzy pomagaj\u0105 w pracach remontowych na plebanii. Dzi\u0119kuj &hellip; <\/p>\n<p class=\"link-more\"><a href=\"https:\/\/polskamisja.fr\/index.php\/2024\/05\/22\/ogloszenia-19-05-2024\/\" class=\"more-link\">Czytaj dalej<span class=\"screen-reader-text\"> \u201eOG\u0141OSZENIA 19.05.2024\u201d<\/span><\/a><\/p>\n","protected":false},"author":5,"featured_media":0,"comment_status":"open","ping_status":"open","sticky":false,"template":"","format":"standard","meta":{"footnotes":""},"categories":[1],"tags":[],"class_list":["post-1443","post","type-post","status-publish","format-standard","hentry","category-uncategorized"],"_links":{"self":[{"href":"https:\/\/polskamisja.fr\/index.php\/wp-json\/wp\/v2\/posts\/1443","targetHints":{"allow":["GET"]}}],"collection":[{"href":"https:\/\/polskamisja.fr\/index.php\/wp-json\/wp\/v2\/posts"}],"about":[{"href":"https:\/\/polskamisja.fr\/index.php\/wp-json\/wp\/v2\/types\/post"}],"author":[{"embeddable":true,"href":"https:\/\/polskamisja.fr\/index.php\/wp-json\/wp\/v2\/users\/5"}],"replies":[{"embeddable":true,"href":"https:\/\/polskamisja.fr\/index.php\/wp-json\/wp\/v2\/comments?post=1443"}],"version-history":[{"count":1,"href":"https:\/\/polskamisja.fr\/index.php\/wp-json\/wp\/v2\/posts\/1443\/revisions"}],"predecessor-version":[{"id":1444,"href":"https:\/\/polskamisja.fr\/index.php\/wp-json\/wp\/v2\/posts\/1443\/revisions\/1444"}],"wp:attachment":[{"href":"https:\/\/polskamisja.fr\/index.php\/wp-json\/wp\/v2\/media?parent=1443"}],"wp:term":[{"taxonomy":"category","embeddable":true,"href":"https:\/\/polskamisja.fr\/index.php\/wp-json\/wp\/v2\/categories?post=1443"},{"taxonomy":"post_tag","embeddable":true,"href":"https:\/\/polskamisja.fr\/index.php\/wp-json\/wp\/v2\/tags?post=1443"}],"curies":[{"name":"wp","href":"https:\/\/api.w.org\/{rel}","templated":true}]}}