{"id":1440,"date":"2024-05-13T14:42:38","date_gmt":"2024-05-13T12:42:38","guid":{"rendered":"https:\/\/polskamisja.fr\/?p=1440"},"modified":"2024-05-13T14:42:38","modified_gmt":"2024-05-13T12:42:38","slug":"ogloszenia-12-05-2024","status":"publish","type":"post","link":"https:\/\/polskamisja.fr\/index.php\/2024\/05\/13\/ogloszenia-12-05-2024\/","title":{"rendered":"OG\u0141OSZENIA 12.05.2024"},"content":{"rendered":"\n<p>1. Dzi\u015b po Mszy \u015awi\u0119tej przed ko\u015bcio\u0142em odb\u0119dzie si\u0119 nasze spotkanie integracyjne. Dzi\u015b niestety nie uda si\u0119 poopowiada\u0107 o pielgrzymce do Santiago de Compostella &#8211; mamy nadziej\u0119, \u017ce uda si\u0119 w innym terminie.<\/p>\n\n\n\n<p>2. Dzi\u0119kuj\u0119 m\u0142odzie\u017cy za wsp\u00f3lny wyjazd do W\u0142och &#8211; my\u015bl\u0119 , \u017ce dla ka\u017cdego z nas by\u0142 to pi\u0119kny i wyj\u0105tkowy czas! <\/p>\n\n\n\n<p>3. Katecheza w przysz\u0142\u0105 niedziel\u0119 jest odwo\u0142ana oraz pr\u00f3ba szcholi w sobot\u0119. Z racji d\u0142ugiego weekendu zar\u00f3wno cz\u0119\u015bci katechet\u00f3w jak i dzieci nie b\u0119dzie oraz ci\u0105gle nie mamy odpowiedniej ilo\u015bci sal (jest to zwi\u0105zane z remontem).<\/p>\n\n\n\n<p>4. Dzi\u0119kuj\u0119 Bartkowi , kt\u00f3ry od poniedzia\u0142ku do pi\u0105tku b\u0119dzie uk\u0142ada\u0142 pod\u0142og\u0119 w ramach remontu plebani. Gdyby kto\u015b by\u0142 dyspozycyjny i chcia\u0142 pom\u00f3c to prosz\u0119 o kontakt &#8211; pomoc zdecydowanie si\u0119 przyda.<\/p>\n\n\n\n<p>5. Adoracja ca\u0142onocna odb\u0119dzie si\u0119 w kaplicy w Saint Genis z pi\u0105tku na sobot\u0119 &#8211; zapisy u mnie lub na li\u015bcie znajduj\u0105cej si\u0119 w kaplicy w St Genis pod ch\u00f3rem.<\/p>\n\n\n\n<p>6. 20 maja odb\u0119dzie si\u0119 pielgrzymka Polonii Szwajcarskiej (a przecie\u017c tak blisko Szwajcarii mieszkamy) do Einsiedeln pod przewodnictwem bp-a Olszowskiego. O 11.30 okazja do spowiedzi, o 12.30 Msza\u00a0\u015awi\u0119ta, 13.45 \u2013 nabo\u017ce\u0144stwo w kaplicy \u0142ask, a o 14.10 wsp\u00f3lny piknik na dziedzi\u0144cu. <br>Pielgrzymka ma charakter indywidualny (w\u0142asny transport).<\/p>\n\n\n\n<p>7. 25 maja w Zakonie Si\u00f3str Betlejemitek w Voirons odb\u0119d\u0105 si\u0119 \u015bluby wieczyste dw\u00f3ch si\u00f3str i mi\u0119dzy innymi Polki. Siostry bardzo by si\u0119 ucieszy\u0142y z obecno\u015bci Polak\u00f3w na tej uroczysto\u015bci i serdecznie nas zapraszaj\u0105. \u015aluby potrwaj\u0105 oko\u0142o 2,5 &#8211; 3 godzin a potem jeste\u015bmy zaproszeni na pocz\u0119stunek. Gdyby kto\u015b chcia\u0142 si\u0119 ze mn\u0105 wybra\u0107 &#8211; zapraszam i prosz\u0119 o kontakt. <\/p>\n\n\n\n<p>7. B\u0119d\u0105c w Afryce widzia\u0142em jak ksi\u0105dz b\u0142ogos\u0142awi najm\u0142odsze dzieci we wsp\u00f3lnocie, prezentuj\u0105c je tym samym. U nas takie b\u0142ogos\u0142awie\u0144stwo odb\u0119dzie si\u0119 za 2 tygodnie &#8211; 26 maja w ramach Mszy \u015awi\u0119tej. Jako, \u017ce jest to po raz pierwszy to do takiego b\u0142ogos\u0142awie\u0144stwa mog\u0105 przyst\u0105pi\u0107 dzieci do 3 roku \u017cycia. Ch\u0119tnych prosz\u0119 o kontakt.<\/p>\n","protected":false},"excerpt":{"rendered":"<p>1. Dzi\u015b po Mszy \u015awi\u0119tej przed ko\u015bcio\u0142em odb\u0119dzie si\u0119 nasze spotkanie integracyjne. Dzi\u015b niestety nie uda si\u0119 poopowiada\u0107 o pielgrzymce do Santiago de Compostella &#8211; mamy nadziej\u0119, \u017ce uda si\u0119 &hellip; <\/p>\n<p class=\"link-more\"><a href=\"https:\/\/polskamisja.fr\/index.php\/2024\/05\/13\/ogloszenia-12-05-2024\/\" class=\"more-link\">Czytaj dalej<span class=\"screen-reader-text\"> \u201eOG\u0141OSZENIA 12.05.2024\u201d<\/span><\/a><\/p>\n","protected":false},"author":5,"featured_media":0,"comment_status":"open","ping_status":"open","sticky":false,"template":"","format":"standard","meta":{"footnotes":""},"categories":[1],"tags":[],"class_list":["post-1440","post","type-post","status-publish","format-standard","hentry","category-uncategorized"],"_links":{"self":[{"href":"https:\/\/polskamisja.fr\/index.php\/wp-json\/wp\/v2\/posts\/1440","targetHints":{"allow":["GET"]}}],"collection":[{"href":"https:\/\/polskamisja.fr\/index.php\/wp-json\/wp\/v2\/posts"}],"about":[{"href":"https:\/\/polskamisja.fr\/index.php\/wp-json\/wp\/v2\/types\/post"}],"author":[{"embeddable":true,"href":"https:\/\/polskamisja.fr\/index.php\/wp-json\/wp\/v2\/users\/5"}],"replies":[{"embeddable":true,"href":"https:\/\/polskamisja.fr\/index.php\/wp-json\/wp\/v2\/comments?post=1440"}],"version-history":[{"count":1,"href":"https:\/\/polskamisja.fr\/index.php\/wp-json\/wp\/v2\/posts\/1440\/revisions"}],"predecessor-version":[{"id":1441,"href":"https:\/\/polskamisja.fr\/index.php\/wp-json\/wp\/v2\/posts\/1440\/revisions\/1441"}],"wp:attachment":[{"href":"https:\/\/polskamisja.fr\/index.php\/wp-json\/wp\/v2\/media?parent=1440"}],"wp:term":[{"taxonomy":"category","embeddable":true,"href":"https:\/\/polskamisja.fr\/index.php\/wp-json\/wp\/v2\/categories?post=1440"},{"taxonomy":"post_tag","embeddable":true,"href":"https:\/\/polskamisja.fr\/index.php\/wp-json\/wp\/v2\/tags?post=1440"}],"curies":[{"name":"wp","href":"https:\/\/api.w.org\/{rel}","templated":true}]}}