{"id":1437,"date":"2024-05-06T00:18:54","date_gmt":"2024-05-05T22:18:54","guid":{"rendered":"https:\/\/polskamisja.fr\/?p=1437"},"modified":"2024-05-06T00:18:54","modified_gmt":"2024-05-05T22:18:54","slug":"ogloszenia-5-05-2024","status":"publish","type":"post","link":"https:\/\/polskamisja.fr\/index.php\/2024\/05\/06\/ogloszenia-5-05-2024\/","title":{"rendered":"OG\u0141OSZENIA 5.05.2024"},"content":{"rendered":"\n<ol class=\"wp-block-list\"><li>Bardzo dzi\u0119kuj\u0119 m\u0142odzie\u017cy za zorganizowanie spotkania z br. Maciejem z Taiz\u00e9 oraz wszystkim, kt\u00f3rzy w nim wzi\u0119li udzia\u0142!<\/li><li>Dzi\u0119kuj\u0119 dzieciom za \u015bpiew w scholi i wielkie zaanga\u017cowanie w Liturgi\u0119, zw\u0142aszcza za bardzo m\u0105dre i oryginalne spostrze\u017cenia w czasie kazania!<\/li><li>Za tydzie\u0144 II niedziela miesi\u0105ca, czyli nasze spotkanie integracyjne po Mszy \u015awi\u0119tej. Je\u015bli nie b\u0119dzie pada\u0142o to b\u0119dzie ono przed ko\u015bcio\u0142em. B\u0119dzie ono mia\u0142o dwie cz\u0119\u015bci. Po Mszy \u015awi\u0119tej b\u0119dzie mo\u017cna porozmawia\u0107 i skorzysta\u0107 z pocz\u0119stunku (warto te\u017c o niego zadba\u0107) a p\u00f3\u017aniej oko\u0142o godz. 19.45 mo\u017cemy mie\u0107 prezentacj\u0119, w kt\u00f3rej podzielimy si\u0119 naszym do\u015bwiadczeniem pielgrzymki z Lizbony do Santiago de Composella, dok\u0105d w grupie 6 pielgrzym\u00f3w dotarli\u015bmy na rowerach. <br>A mo\u017ce i nasza m\u0142odzie\u017c podzieli si\u0119 wra\u017ceniami z wyjazdu do W\u0142och, kt\u00f3ry zaczynamy w \u015brod\u0119, a ko\u0144czymy w niedziel\u0119!<\/li><li>W \u015brod\u0119 o godz. 6.00 w kaplicy w Saint Genis b\u0119dzie dodatkowa Msza \u015awi\u0119ta w j. polskim.<\/li><li>W czwartek &#8211; Uroczysto\u015b\u0107 Wniebowst\u0105pienia. Jest to \u015bwi\u0119to obowi\u0105zkowe &#8211; tzn. w tym dniu Ko\u015bci\u00f3\u0142 zobowi\u0105zuje nas do uczestnictwa w Mszy \u015awi\u0119tej. Z racji wyjazdu z m\u0142odzie\u017c\u0105 Msza b\u0119dzie w j. francuskim. W \u015brod\u0119 (Msza z Uroczysto\u015bci Wniebowst\u0105pienia) o godz.  18.30 w ko\u015bciele w Crozet oraz o godz. 10.30 w ko\u015bciele w Pouilly.<\/li><li>20 maja odb\u0119dzie si\u0119 pielgrzymka Polonii Szwajcarskiej (a przecie\u017c tak blisko Szwajcarii mieszkamy) do Einsiedeln pod przewodnictwem bp-a Olszowskiego. O 11.30 okazja do spowiedzi, o 12.30 Msza\u00a0\u015awi\u0119ta, 13.45 &#8211; nabo\u017ce\u0144stwo w kaplicy \u0142ask, a o 14.10 wsp\u00f3lny piknik na dziedzi\u0144cu.<\/li><\/ol>\n","protected":false},"excerpt":{"rendered":"<p>Bardzo dzi\u0119kuj\u0119 m\u0142odzie\u017cy za zorganizowanie spotkania z br. Maciejem z Taiz\u00e9 oraz wszystkim, kt\u00f3rzy w nim wzi\u0119li udzia\u0142! Dzi\u0119kuj\u0119 dzieciom za \u015bpiew w scholi i wielkie zaanga\u017cowanie w Liturgi\u0119, zw\u0142aszcza &hellip; <\/p>\n<p class=\"link-more\"><a href=\"https:\/\/polskamisja.fr\/index.php\/2024\/05\/06\/ogloszenia-5-05-2024\/\" class=\"more-link\">Czytaj dalej<span class=\"screen-reader-text\"> \u201eOG\u0141OSZENIA 5.05.2024\u201d<\/span><\/a><\/p>\n","protected":false},"author":5,"featured_media":0,"comment_status":"open","ping_status":"open","sticky":false,"template":"","format":"standard","meta":{"footnotes":""},"categories":[1],"tags":[],"class_list":["post-1437","post","type-post","status-publish","format-standard","hentry","category-uncategorized"],"_links":{"self":[{"href":"https:\/\/polskamisja.fr\/index.php\/wp-json\/wp\/v2\/posts\/1437","targetHints":{"allow":["GET"]}}],"collection":[{"href":"https:\/\/polskamisja.fr\/index.php\/wp-json\/wp\/v2\/posts"}],"about":[{"href":"https:\/\/polskamisja.fr\/index.php\/wp-json\/wp\/v2\/types\/post"}],"author":[{"embeddable":true,"href":"https:\/\/polskamisja.fr\/index.php\/wp-json\/wp\/v2\/users\/5"}],"replies":[{"embeddable":true,"href":"https:\/\/polskamisja.fr\/index.php\/wp-json\/wp\/v2\/comments?post=1437"}],"version-history":[{"count":1,"href":"https:\/\/polskamisja.fr\/index.php\/wp-json\/wp\/v2\/posts\/1437\/revisions"}],"predecessor-version":[{"id":1438,"href":"https:\/\/polskamisja.fr\/index.php\/wp-json\/wp\/v2\/posts\/1437\/revisions\/1438"}],"wp:attachment":[{"href":"https:\/\/polskamisja.fr\/index.php\/wp-json\/wp\/v2\/media?parent=1437"}],"wp:term":[{"taxonomy":"category","embeddable":true,"href":"https:\/\/polskamisja.fr\/index.php\/wp-json\/wp\/v2\/categories?post=1437"},{"taxonomy":"post_tag","embeddable":true,"href":"https:\/\/polskamisja.fr\/index.php\/wp-json\/wp\/v2\/tags?post=1437"}],"curies":[{"name":"wp","href":"https:\/\/api.w.org\/{rel}","templated":true}]}}