{"id":1407,"date":"2024-03-17T17:51:30","date_gmt":"2024-03-17T15:51:30","guid":{"rendered":"https:\/\/polskamisja.fr\/?p=1407"},"modified":"2024-03-25T10:27:16","modified_gmt":"2024-03-25T08:27:16","slug":"ogloszenia-17-03-2024","status":"publish","type":"post","link":"https:\/\/polskamisja.fr\/index.php\/2024\/03\/17\/ogloszenia-17-03-2024\/","title":{"rendered":"OG\u0141OSZENIA 17.03.2024"},"content":{"rendered":"\n<ol class=\"wp-block-list\"><li>We wtorek Uroczysto\u015b\u0107&nbsp;\u015bw. J\u00f3zefa (nie jest to uroczysto\u015b\u0107 obowi\u0105zkowa), Msze \u015awi\u0119te (w j. fr) w poniedzia\u0142ek (Msza z wigilii) o 18.30 oraz wtorek o godz. 8.30 w kaplicy w St Genis. <\/li><li>W \u015brod\u0119 o godz. 19.45 rozpoczniemy spotkanie Rady Wsp\u00f3lnoty, otwarte dla wszystkich. Podczas tego spotkania przyjrzymy si\u0119&nbsp;wynikom naszych ankiet i zobaczymy w jaki spos\u00f3b mo\u017cemy wprowadzi\u0107 to w \u017cycie.<\/li><li>W pi\u0105tek o godz. 20.00 z kaplicy w St Genis wyruszymy na Ekstremaln\u0105 Drog\u0119 Krzy\u017cow\u0105 do kaplicy w Vesency. Jest 7 \u015bmia\u0142k\u00f3w &#8211; gdyby kto\u015b jeszcze chcia\u0142 si\u0119 zg\u0142osi\u0107&nbsp;to prosz\u0119 o pilny kontakt.<\/li><li>W sobot\u0119 o godz. 9.00 w salce w St Genis rozpocznie si\u0119&nbsp;pr\u00f3ba scholi dzieci\u0119cej. Serdecznie zapraszamy wszystkie dzieci do w\u0142\u0105czenia si\u0119&nbsp;w te inicjatyw\u0119. Dzieci b\u0119d\u0105 \u015bpiewa\u0107 podczas Mszy \u015awi\u0119tej niedzielnej. Pr\u00f3ba w niedziel\u0119 przed Msz\u0105 \u015awi\u0119t\u0105 o godz. 17.30 w ko\u015bciele (z tej racji nie b\u0119dzie Gorzkich \u017bali).<\/li><li>Przysz\u0142a niedziela jest niedziel\u0105 katechetyczn\u0105 &#8211; dlatego katecheza dla najm\u0142odszych, przygotowuj\u0105cych si\u0119 do I Komunii \u015awi\u0119tej i katecheza pokomunijna od godz. 15.45. Rozpoczynamy wsp\u00f3ln\u0105 modlitw\u0105 w kaplicy w St Genis.<\/li><li>Za tydzie\u0144 nasze <strong>Rekolekcje Wielkopostne<\/strong>. Poprowadzi je <strong>Dominikanin \u2013 o. Stanis\u0142aw Gurgul<\/strong>.<br>O.Stanis\u0142aw jest d\u0142ugoletnim misjonarzem w Kamerunie, Trynidadzie i Jerozolimie. Podzieli si\u0119 z nami swoim do\u015bwiadczeniem, ukazuj\u0105c nam w jaki spos\u00f3b my mo\u017cemy stawa\u0107 si\u0119 misjonarzami. Bardzo zach\u0119cam do zorganizowania czasu i uczestnictwa.<br><strong>W sobot\u0119 23 marca, w kaplicy w Saint Genis<\/strong><br><strong>\u2013 17.15 \u2013 spowied\u017a<br>\u2013 18.00 \u2013 Msza \u015awi\u0119ta<br>\u2013 18.45 \u2013 Warsztaty nt. Misji oraz spotkanie integracyjne<br>W niedziel\u0119 24 marca, w ko\u015bciele w Pouilly<br>\u2013 17.15 \u2013 spowied\u017a<br>\u2013 18.00 \u2013 Msza \u015awi\u0119ta z nauk\u0105 oraz b\u0142ogos\u0142awie\u0144stwo palm<\/strong> (zach\u0119camy do przygotowania palm)<br><\/li><li>Wszystkie Msze \u015awi\u0119te i po\u015bwi\u0119cenie pokarm\u00f3w w ramach \u015awi\u0105t Wielkanocnych b\u0119dziemy mie\u0107 tak jak w poprzednich latach w j. polskim.<br><br><strong>Wielki Czwartek<\/strong> \u2013 <strong>19.00 Msza Wieczerzy Pa\u0144skiej w kaplicy w St Genis <\/strong>(18.30 spowied\u017a), po zako\u0144czonej modlitwie mo\u017cliwo\u015b\u0107 Adoracji Pana Jezusa w Naj\u015bwi\u0119tszym Sakramencie do p\u00f3\u0142nocy.<br>&nbsp;<br><strong>Wielki Pi\u0105tek <\/strong>\u2013 18.30 Droga Krzy\u017cowa w kaplicy w St Genis, nast\u0119pnie <strong>19.00 Liturgia M\u0119ki Pa\u0144skiej <\/strong>(18.15 spowied\u017a), po zako\u0144czonej modlitwie mo\u017cliwo\u015b\u0107 Adoracji Krzy\u017ca.<br>&nbsp;<br><strong>Wielka Sobota \u2013 11.00 po\u015bwi\u0119cenie pokarm\u00f3w w kaplicy w St Genis <\/strong>(bezpo\u015brednio po po\u015bwi\u0119ceniu pokarm\u00f3w mo\u017cliwo\u015b\u0107 spowiedzi w kaplicy)<br>&nbsp;<br><strong>Wigilia Paschalna (sobota) o 20.00 w kaplicy w St Genis<\/strong> \u2013 bezpo\u015brednio po modlitwie zapraszamy na spotkanie w ramach \u015bwi\u0119towania zmartwychwstania do sali s. Emmanuelle (zach\u0119camy do przyniesienia pocz\u0119stunku)<br>&nbsp;<br><strong>Niedziela Wielkanocna \u2013 Msza o 18.00 w ko\u015bciele w Pouilly <\/strong>(17.30 spowied\u017a)<br>&nbsp;<br><strong>Poniedzia\u0142ek Wielkanocny \u2013 Msza o 18.30 w kaplicy w Sergy<\/strong><\/li><li>Bardzo dzi\u0119kuj\u0119 13 osobom z naszej Wsp\u00f3lnoty, kt\u00f3ry wzi\u0119\u0142y udzia\u0142 w sesji formacyjnej Polskiej Misji Katolickiej w Lisieux. Ufamy, \u017ce ten pi\u0119kny czas przyniesie b\u0142ogos\u0142awione owoce w naszym \u017cyciu i funkcjonowaniu w Pays de Gex.<br>Dzi\u0119kuj\u0119 bardzo Ani i Kasi za podzielenie si\u0119 z nami do\u015bwiadczeniem tej sesji!<\/li><li>Rozpoczynamy powoli prace remontowe na plebani w Saint Genis &#8211; poni\u017cej mo\u017cna pobra\u0107 plik z wyja\u015bnieniem i mo\u017cliwo\u015bci\u0105 wsparcia prac przez zaanga\u017cowanie si\u0119 lub pomoc finansow\u0105.<\/li><\/ol>\n\n\n\n<div data-wp-interactive=\"core\/file\" class=\"wp-block-file aligncenter\"><object data-wp-bind--hidden=\"!state.hasPdfPreview\" hidden class=\"wp-block-file__embed\" data=\"https:\/\/polskamisja.fr\/wp-content\/uploads\/2024\/03\/ST-G.pdf\" type=\"application\/pdf\" style=\"width:100%;height:400px\" aria-label=\"Osadzone z Osadzone z Remont plebani..\"><\/object><a id=\"wp-block-file--media-3a328233-d100-4185-a9d8-0f574b8df795\" href=\"https:\/\/polskamisja.fr\/wp-content\/uploads\/2024\/03\/ST-G.pdf\">Remont plebani<\/a><a href=\"https:\/\/polskamisja.fr\/wp-content\/uploads\/2024\/03\/ST-G.pdf\" class=\"wp-block-file__button\" download aria-describedby=\"wp-block-file--media-3a328233-d100-4185-a9d8-0f574b8df795\">Pobierz<\/a><\/div>\n\n\n\n<div data-wp-interactive=\"core\/file\" class=\"wp-block-file\"><object data-wp-bind--hidden=\"!state.hasPdfPreview\" hidden class=\"wp-block-file__embed\" data=\"https:\/\/polskamisja.fr\/wp-content\/uploads\/2024\/03\/St-2.pdf\" type=\"application\/pdf\" style=\"width:100%;height:340px\" aria-label=\"Osadzone z Osadzone z Wsparcie projektu remontu plebani..\"><\/object><a id=\"wp-block-file--media-3be39194-051b-461c-8a56-e6af0278b39f\" href=\"https:\/\/polskamisja.fr\/wp-content\/uploads\/2024\/03\/St-2.pdf\">Wsparcie projektu remontu plebani<\/a><a href=\"https:\/\/polskamisja.fr\/wp-content\/uploads\/2024\/03\/St-2.pdf\" class=\"wp-block-file__button\" download aria-describedby=\"wp-block-file--media-3be39194-051b-461c-8a56-e6af0278b39f\">Pobierz<\/a><\/div>\n\n\n\n<p><\/p>\n","protected":false},"excerpt":{"rendered":"<p>We wtorek Uroczysto\u015b\u0107&nbsp;\u015bw. J\u00f3zefa (nie jest to uroczysto\u015b\u0107 obowi\u0105zkowa), Msze \u015awi\u0119te (w j. fr) w poniedzia\u0142ek (Msza z wigilii) o 18.30 oraz wtorek o godz. 8.30 w kaplicy w St &hellip; <\/p>\n<p class=\"link-more\"><a href=\"https:\/\/polskamisja.fr\/index.php\/2024\/03\/17\/ogloszenia-17-03-2024\/\" class=\"more-link\">Czytaj dalej<span class=\"screen-reader-text\"> \u201eOG\u0141OSZENIA 17.03.2024\u201d<\/span><\/a><\/p>\n","protected":false},"author":5,"featured_media":0,"comment_status":"open","ping_status":"open","sticky":false,"template":"","format":"standard","meta":{"footnotes":""},"categories":[1],"tags":[],"class_list":["post-1407","post","type-post","status-publish","format-standard","hentry","category-uncategorized"],"_links":{"self":[{"href":"https:\/\/polskamisja.fr\/index.php\/wp-json\/wp\/v2\/posts\/1407","targetHints":{"allow":["GET"]}}],"collection":[{"href":"https:\/\/polskamisja.fr\/index.php\/wp-json\/wp\/v2\/posts"}],"about":[{"href":"https:\/\/polskamisja.fr\/index.php\/wp-json\/wp\/v2\/types\/post"}],"author":[{"embeddable":true,"href":"https:\/\/polskamisja.fr\/index.php\/wp-json\/wp\/v2\/users\/5"}],"replies":[{"embeddable":true,"href":"https:\/\/polskamisja.fr\/index.php\/wp-json\/wp\/v2\/comments?post=1407"}],"version-history":[{"count":6,"href":"https:\/\/polskamisja.fr\/index.php\/wp-json\/wp\/v2\/posts\/1407\/revisions"}],"predecessor-version":[{"id":1422,"href":"https:\/\/polskamisja.fr\/index.php\/wp-json\/wp\/v2\/posts\/1407\/revisions\/1422"}],"wp:attachment":[{"href":"https:\/\/polskamisja.fr\/index.php\/wp-json\/wp\/v2\/media?parent=1407"}],"wp:term":[{"taxonomy":"category","embeddable":true,"href":"https:\/\/polskamisja.fr\/index.php\/wp-json\/wp\/v2\/categories?post=1407"},{"taxonomy":"post_tag","embeddable":true,"href":"https:\/\/polskamisja.fr\/index.php\/wp-json\/wp\/v2\/tags?post=1407"}],"curies":[{"name":"wp","href":"https:\/\/api.w.org\/{rel}","templated":true}]}}