{"id":1405,"date":"2024-03-10T20:34:04","date_gmt":"2024-03-10T18:34:04","guid":{"rendered":"https:\/\/polskamisja.fr\/?p=1405"},"modified":"2024-03-10T20:34:04","modified_gmt":"2024-03-10T18:34:04","slug":"ogloszenia-10-03-2024","status":"publish","type":"post","link":"https:\/\/polskamisja.fr\/index.php\/2024\/03\/10\/ogloszenia-10-03-2024\/","title":{"rendered":"OG\u0141OSZENIA 10.03.2024"},"content":{"rendered":"\n<ol class=\"wp-block-list\"><li>Otoczmy modlitw\u0105 wszystkich uczestnik\u00f3w Sesji Polskiej Misji Katolickiej we Francji zgromadzonych na sesji w Lisieux w dniach 11-14 marca. Pro\u015bmy o b\u0142ogos\u0142awione owoce tego czasu, zw\u0142aszcza dla 13 os\u00f3b z naszej Wsp\u00f3lnoty, kt\u00f3re nas reprezentuj\u0105.<\/li><li>W pi\u0105tek w kaplicy w St Genis o godz. 20.00 odb\u0119dzie si\u0119\u00a0Droga Krzy\u017cowa.<\/li><li>W sobot\u0119 od godz. 18.30 w ko\u015bciele w Pouilly koncert zespo\u0142u uwielbieniowego \u00ab\u00a0Sentinelles\u00a0\u00bb &#8211; serdecznie zapraszamy!<\/li><li>W \u015brod\u0119 20 marca o godz. 19.45 spotkanie naszej Rady Wsp\u00f3lnotowej, otwarte dla wszystkich. Podczas tego spotkania przyjrzymy si\u0119\u00a0wynikom naszych ankiet i zobaczymy w jaki spos\u00f3b mo\u017cemy wprowadzi\u0107 to w \u017cycie.<\/li><li>22 marca o godz. 20.00 z kaplicy w Saint Genis-Pouilly wyruszymy w Ekstremalnej Drodze Krzy\u017cowej. To oko\u0142o 30 km marszu w ciszy przerywanej wy\u0142\u0105cznie na medytacje Drogi Krzy\u017cowej.<br>Wszystkich, kt\u00f3rzy chcieliby w ten spos\u00f3b modli\u0107 si\u0119 prosz\u0119 o kontakt \u2013 to u\u0142atwi nam organizacj\u0119.<\/li><li>Za dwa tygodnie nasze <strong>Rekolekcje Wielkopostne<\/strong>. Poprowadzi je <strong>Dominikanin &#8211; o. Stanis\u0142aw Gurgul<\/strong>. <br>O.Stanis\u0142aw jest d\u0142ugoletnim misjonarzem w Kamerunie, Trynidadzie i Jerozolimie. Podzieli si\u0119 z nami swoim do\u015bwiadczeniem, ukazuj\u0105c nam w jaki spos\u00f3b my mo\u017cemy stawa\u0107 si\u0119 misjonarzami. Bardzo zach\u0119cam do zorganizowania czasu i uczestnictwa.<br><strong>W sobot\u0119 23 marca, w kaplicy w Saint Genis<\/strong><br><strong>&#8211; 17.15 &#8211; spowied\u017a<br>&#8211; 18.00 &#8211; Msza \u015awi\u0119ta<br>&#8211; 18.45 &#8211; Warsztaty nt. Misji<br>W niedziel\u0119 24 marca, w ko\u015bciele w Pouilly<br>&#8211; 17.15 &#8211; spowied\u017a<br>&#8211; 18.00 &#8211; Msza \u015awi\u0119ta z nauk\u0105 oraz b\u0142ogos\u0142awie\u0144stwo palm<\/strong><\/li><\/ol>\n","protected":false},"excerpt":{"rendered":"<p>Otoczmy modlitw\u0105 wszystkich uczestnik\u00f3w Sesji Polskiej Misji Katolickiej we Francji zgromadzonych na sesji w Lisieux w dniach 11-14 marca. Pro\u015bmy o b\u0142ogos\u0142awione owoce tego czasu, zw\u0142aszcza dla 13 os\u00f3b z &hellip; <\/p>\n<p class=\"link-more\"><a href=\"https:\/\/polskamisja.fr\/index.php\/2024\/03\/10\/ogloszenia-10-03-2024\/\" class=\"more-link\">Czytaj dalej<span class=\"screen-reader-text\"> \u201eOG\u0141OSZENIA 10.03.2024\u201d<\/span><\/a><\/p>\n","protected":false},"author":5,"featured_media":0,"comment_status":"open","ping_status":"open","sticky":false,"template":"","format":"standard","meta":{"footnotes":""},"categories":[1],"tags":[],"class_list":["post-1405","post","type-post","status-publish","format-standard","hentry","category-uncategorized"],"_links":{"self":[{"href":"https:\/\/polskamisja.fr\/index.php\/wp-json\/wp\/v2\/posts\/1405","targetHints":{"allow":["GET"]}}],"collection":[{"href":"https:\/\/polskamisja.fr\/index.php\/wp-json\/wp\/v2\/posts"}],"about":[{"href":"https:\/\/polskamisja.fr\/index.php\/wp-json\/wp\/v2\/types\/post"}],"author":[{"embeddable":true,"href":"https:\/\/polskamisja.fr\/index.php\/wp-json\/wp\/v2\/users\/5"}],"replies":[{"embeddable":true,"href":"https:\/\/polskamisja.fr\/index.php\/wp-json\/wp\/v2\/comments?post=1405"}],"version-history":[{"count":1,"href":"https:\/\/polskamisja.fr\/index.php\/wp-json\/wp\/v2\/posts\/1405\/revisions"}],"predecessor-version":[{"id":1406,"href":"https:\/\/polskamisja.fr\/index.php\/wp-json\/wp\/v2\/posts\/1405\/revisions\/1406"}],"wp:attachment":[{"href":"https:\/\/polskamisja.fr\/index.php\/wp-json\/wp\/v2\/media?parent=1405"}],"wp:term":[{"taxonomy":"category","embeddable":true,"href":"https:\/\/polskamisja.fr\/index.php\/wp-json\/wp\/v2\/categories?post=1405"},{"taxonomy":"post_tag","embeddable":true,"href":"https:\/\/polskamisja.fr\/index.php\/wp-json\/wp\/v2\/tags?post=1405"}],"curies":[{"name":"wp","href":"https:\/\/api.w.org\/{rel}","templated":true}]}}