{"id":1397,"date":"2024-03-02T12:59:57","date_gmt":"2024-03-02T10:59:57","guid":{"rendered":"https:\/\/polskamisja.fr\/?p=1397"},"modified":"2024-03-03T17:51:24","modified_gmt":"2024-03-03T15:51:24","slug":"ogloszenia-3-03-2024","status":"publish","type":"post","link":"https:\/\/polskamisja.fr\/index.php\/2024\/03\/02\/ogloszenia-3-03-2024\/","title":{"rendered":"OG\u0141OSZENIA 3.03.2024"},"content":{"rendered":"\n<ol class=\"wp-block-list\"><li>Bardzo dzi\u0119kuj\u0119 m\u0142odzie\u017cy za poprowadzenie rozwa\u017ca\u0144 Drogi Krzy\u017cowej w Pierwszy Pi\u0105tek Miesi\u0105ca i wszystkim, kt\u00f3rzy uczestniczyli w tym nabo\u017ce\u0144stwie.<\/li><li>W tym tygodniu Droga Krzy\u017cowa w \u015brod\u0119 w kaplicy w Saint Genis o godz. 19.30. Serdecznie zapraszamy!<\/li><li>22 marca o godz. 20.00 z kaplicy w Saint Genis-Pouilly wyruszymy w Ekstremalnej Drodze Krzy\u017cowej. To oko\u0142o 30 km marszu w ciszy przerywanej wy\u0142\u0105cznie na medytacje Drogi Krzy\u017cowej.<br>Wszystkich, kt\u00f3rzy chcieliby w ten spos\u00f3b modli\u0107 si\u0119 prosz\u0119 o kontakt \u2013 to u\u0142atwi nam organizacj\u0119.<\/li><li>Dzi\u015b, tak jak zawsze w I Niedziel\u0119 Miesi\u0105ca modlimy si\u0119 we wszystkich naszych intencjach. Zach\u0119cam do sk\u0142adania tych intencji w skrzynce, kt\u00f3ra zawsze jest w przedsionku ko\u015bcio\u0142a lub przesy\u0142ania poprzez \u015brodki komunikacji.<br>Z racji tego, \u017ce kilku cz\u0142onk\u00f3w naszej wsp\u00f3lnoty jest dotkni\u0119tych chorobami pojawi\u0142 si\u0119 pomys\u0142, aby\u015bmy w spos\u00f3b szczeg\u00f3lny otoczyli ich modlitw\u0105. Przy wyj\u015bciu z ko\u015bcio\u0142a, ka\u017cdy b\u0119dzie m\u00f3g\u0142 zabra\u0107 sobie kr\u00f3tk\u0105 modlitw\u0119 za chorych i cierpi\u0105cych oraz ich rodziny. Zach\u0119cam, \u017ceby w ten spos\u00f3b okaza\u0107 pomoc i wsparcie tym, kt\u00f3rzy cierpi\u0105.\u00a0<\/li><li>We wtorek w Gen odb\u0119dzie si\u0119 konferencja ascetyczna z naszym biskupem Pascalem. Spotkanie od godz. 18.30 do 21.30.<\/li><li>Dzi\u0119kuj\u0119 za IV (ju\u017c ostatni\u0105\u00a0w tym roku duszpasterskim) Sesj\u0119 Warsztat\u00f3w Muzyki Liturgicznej \u2013 wszystkim uczestnikom oraz tym kt\u00f3rzy organizuj\u0105 ten czas. Dzi\u0119kuj\u0119 te\u017c\u00a0 wsp\u00f3\u0142ma\u0142\u017conkom i rodzinom \u015bpiewaj\u0105cych, bo cz\u0119sto jest tak, \u017ce aby oni mogli si\u0119 zaanga\u017cowa\u0107, Wy przejmujecie ich obowi\u0105zki (niekoniecznie r\u00f3wnie przyjemne jak \u015bpiewanie).<br>Kontynuacj\u0105 naszej modlitwy b\u0119dzie Wiecz\u00f3r Uwielbienia tzn. Adoracja (bezpo\u015brednio po Mszy \u015awi\u0119tej) animowana przez nasz ch\u00f3r, z pi\u0119knymi \u015bpiewami i s\u0142owami modlitwy. Na zako\u0144czenie Adoracji b\u0119dzie tzw. B\u0142ogos\u0142awie\u0144stwo Lourdzkie \u2013 tzn. ka\u017cdy mo\u017ce otrzyma\u0107 indywidualne b\u0142ogos\u0142awie\u0144stwo Naj\u015bwi\u0119tszym Sakramentem.<br>Adoracja potrwa oko\u0142o 45 min. Serdecznie zapraszam do pozostania.<\/li><\/ol>\n","protected":false},"excerpt":{"rendered":"<p>Bardzo dzi\u0119kuj\u0119 m\u0142odzie\u017cy za poprowadzenie rozwa\u017ca\u0144 Drogi Krzy\u017cowej w Pierwszy Pi\u0105tek Miesi\u0105ca i wszystkim, kt\u00f3rzy uczestniczyli w tym nabo\u017ce\u0144stwie. W tym tygodniu Droga Krzy\u017cowa w \u015brod\u0119 w kaplicy w Saint &hellip; <\/p>\n<p class=\"link-more\"><a href=\"https:\/\/polskamisja.fr\/index.php\/2024\/03\/02\/ogloszenia-3-03-2024\/\" class=\"more-link\">Czytaj dalej<span class=\"screen-reader-text\"> \u201eOG\u0141OSZENIA 3.03.2024\u201d<\/span><\/a><\/p>\n","protected":false},"author":5,"featured_media":0,"comment_status":"open","ping_status":"open","sticky":false,"template":"","format":"standard","meta":{"footnotes":""},"categories":[1],"tags":[],"class_list":["post-1397","post","type-post","status-publish","format-standard","hentry","category-uncategorized"],"_links":{"self":[{"href":"https:\/\/polskamisja.fr\/index.php\/wp-json\/wp\/v2\/posts\/1397","targetHints":{"allow":["GET"]}}],"collection":[{"href":"https:\/\/polskamisja.fr\/index.php\/wp-json\/wp\/v2\/posts"}],"about":[{"href":"https:\/\/polskamisja.fr\/index.php\/wp-json\/wp\/v2\/types\/post"}],"author":[{"embeddable":true,"href":"https:\/\/polskamisja.fr\/index.php\/wp-json\/wp\/v2\/users\/5"}],"replies":[{"embeddable":true,"href":"https:\/\/polskamisja.fr\/index.php\/wp-json\/wp\/v2\/comments?post=1397"}],"version-history":[{"count":4,"href":"https:\/\/polskamisja.fr\/index.php\/wp-json\/wp\/v2\/posts\/1397\/revisions"}],"predecessor-version":[{"id":1402,"href":"https:\/\/polskamisja.fr\/index.php\/wp-json\/wp\/v2\/posts\/1397\/revisions\/1402"}],"wp:attachment":[{"href":"https:\/\/polskamisja.fr\/index.php\/wp-json\/wp\/v2\/media?parent=1397"}],"wp:term":[{"taxonomy":"category","embeddable":true,"href":"https:\/\/polskamisja.fr\/index.php\/wp-json\/wp\/v2\/categories?post=1397"},{"taxonomy":"post_tag","embeddable":true,"href":"https:\/\/polskamisja.fr\/index.php\/wp-json\/wp\/v2\/tags?post=1397"}],"curies":[{"name":"wp","href":"https:\/\/api.w.org\/{rel}","templated":true}]}}