{"id":1395,"date":"2024-02-25T12:43:33","date_gmt":"2024-02-25T10:43:33","guid":{"rendered":"https:\/\/polskamisja.fr\/?p=1395"},"modified":"2024-02-25T12:43:33","modified_gmt":"2024-02-25T10:43:33","slug":"ogloszenia-25-02-2024","status":"publish","type":"post","link":"https:\/\/polskamisja.fr\/index.php\/2024\/02\/25\/ogloszenia-25-02-2024\/","title":{"rendered":"OG\u0141OSZENIA 25.02.2024"},"content":{"rendered":"\n<ol class=\"wp-block-list\"><li>W tym tygodniu przypada Pierwszy Pi\u0105tek Miesi\u0105ca. B\u0119dzie on mia\u0142 troszk\u0119 inny porz\u0105dek ni\u017c zazwyczaj. Tzn. od godz. 18.00 spowied\u017a \u015bwi\u0119ta w ko\u015bciele w Sergy <em>(35 Rte de Thoiry, 01630 Sergy)<\/em>, nast\u0119pnie o 18.30 Msza \u015awi\u0119ta a po niej Droga Krzy\u017cowa przygotowana przez nasz\u0105 m\u0142odzie\u017c.<br>Wszystko w ko\u015bciele w Sergy.<\/li><li>R\u00f3wnie\u017c w pi\u0105tek rozpocznie si\u0119 IV sesja Warsztat\u00f3w Muzyki Liturgicznej. Zako\u0144czeniem b\u0119dzie Msza \u015awi\u0119ta niedzielna (tak jak zawsze w Pouilly o 18.00) animowana muzycznie przez ch\u00f3r oraz Wiecz\u00f3r Uwielbienia zako\u0144czony b\u0142ogos\u0142awie\u0144stwem indywidualnym Naj\u015bwi\u0119tszym Sakramentem bezpo\u015brednio po Mszy \u015awi\u0119tej (19.00 &#8211; 19.45).<\/li><li>Za tydzie\u0144 I niedziela miesi\u0105ca &#8211; tzn. Msza \u015awi\u0119ta we wszystkich naszych intencjach. Gdyby kto\u015b chcia\u0142, aby ca\u0142a wsp\u00f3lnota modli\u0142a si\u0119 w danej intencji prosz\u0119 o przes\u0142anie jej drog\u0105 mailow\u0105 lub przez komunikatory albo zostawienie w skrzynce intencji w przedsionku ko\u015bcio\u0142a.<\/li><li>Bardzo dzi\u0119kuj\u0119 za dobre s\u0142owo i przede wszystkim modlitw\u0119, Msz\u0119 \u015awi\u0119t\u0105 w mojej intencji z okazji urodzin. Dzi\u0119kuj\u0119 bardzo!<\/li><li>22 marca o godz. 20.00 z kaplicy w Saint Genis-Pouilly wyruszymy w Ekstremalnej Drodze Krzy\u017cowej. To oko\u0142o 30 km marszu w ciszy przerywanej wy\u0142\u0105cznie na medytacje Drogi Krzy\u017cowej. <br>Wszystkich, kt\u00f3rzy chcieliby w ten spos\u00f3b modli\u0107 si\u0119 prosz\u0119 o kontakt &#8211; to u\u0142atwi nam organizacj\u0119.<\/li><\/ol>\n\n\n\n<p><\/p>\n","protected":false},"excerpt":{"rendered":"<p>W tym tygodniu przypada Pierwszy Pi\u0105tek Miesi\u0105ca. B\u0119dzie on mia\u0142 troszk\u0119 inny porz\u0105dek ni\u017c zazwyczaj. Tzn. od godz. 18.00 spowied\u017a \u015bwi\u0119ta w ko\u015bciele w Sergy (35 Rte de Thoiry, 01630 &hellip; <\/p>\n<p class=\"link-more\"><a href=\"https:\/\/polskamisja.fr\/index.php\/2024\/02\/25\/ogloszenia-25-02-2024\/\" class=\"more-link\">Czytaj dalej<span class=\"screen-reader-text\"> \u201eOG\u0141OSZENIA 25.02.2024\u201d<\/span><\/a><\/p>\n","protected":false},"author":5,"featured_media":0,"comment_status":"open","ping_status":"open","sticky":false,"template":"","format":"standard","meta":{"footnotes":""},"categories":[1],"tags":[],"class_list":["post-1395","post","type-post","status-publish","format-standard","hentry","category-uncategorized"],"_links":{"self":[{"href":"https:\/\/polskamisja.fr\/index.php\/wp-json\/wp\/v2\/posts\/1395","targetHints":{"allow":["GET"]}}],"collection":[{"href":"https:\/\/polskamisja.fr\/index.php\/wp-json\/wp\/v2\/posts"}],"about":[{"href":"https:\/\/polskamisja.fr\/index.php\/wp-json\/wp\/v2\/types\/post"}],"author":[{"embeddable":true,"href":"https:\/\/polskamisja.fr\/index.php\/wp-json\/wp\/v2\/users\/5"}],"replies":[{"embeddable":true,"href":"https:\/\/polskamisja.fr\/index.php\/wp-json\/wp\/v2\/comments?post=1395"}],"version-history":[{"count":1,"href":"https:\/\/polskamisja.fr\/index.php\/wp-json\/wp\/v2\/posts\/1395\/revisions"}],"predecessor-version":[{"id":1396,"href":"https:\/\/polskamisja.fr\/index.php\/wp-json\/wp\/v2\/posts\/1395\/revisions\/1396"}],"wp:attachment":[{"href":"https:\/\/polskamisja.fr\/index.php\/wp-json\/wp\/v2\/media?parent=1395"}],"wp:term":[{"taxonomy":"category","embeddable":true,"href":"https:\/\/polskamisja.fr\/index.php\/wp-json\/wp\/v2\/categories?post=1395"},{"taxonomy":"post_tag","embeddable":true,"href":"https:\/\/polskamisja.fr\/index.php\/wp-json\/wp\/v2\/tags?post=1395"}],"curies":[{"name":"wp","href":"https:\/\/api.w.org\/{rel}","templated":true}]}}