{"id":1381,"date":"2024-02-11T17:49:06","date_gmt":"2024-02-11T15:49:06","guid":{"rendered":"https:\/\/polskamisja.fr\/?p=1381"},"modified":"2024-02-12T17:52:19","modified_gmt":"2024-02-12T15:52:19","slug":"ogloszenia-11-02-2024","status":"publish","type":"post","link":"https:\/\/polskamisja.fr\/index.php\/2024\/02\/11\/ogloszenia-11-02-2024\/","title":{"rendered":"OG\u0141OSZENIA 11.02.2024"},"content":{"rendered":"\n<figure class=\"wp-block-image size-large\"><img loading=\"lazy\" decoding=\"async\" width=\"1024\" height=\"576\" src=\"https:\/\/polskamisja.fr\/wp-content\/uploads\/2024\/02\/2-1024x576.jpg\" alt=\"\" class=\"wp-image-1389\" srcset=\"https:\/\/polskamisja.fr\/wp-content\/uploads\/2024\/02\/2-1024x576.jpg 1024w, https:\/\/polskamisja.fr\/wp-content\/uploads\/2024\/02\/2-300x169.jpg 300w, https:\/\/polskamisja.fr\/wp-content\/uploads\/2024\/02\/2-768x432.jpg 768w, https:\/\/polskamisja.fr\/wp-content\/uploads\/2024\/02\/2-1536x864.jpg 1536w, https:\/\/polskamisja.fr\/wp-content\/uploads\/2024\/02\/2.jpg 1920w\" sizes=\"auto, (max-width: 767px) 89vw, (max-width: 1000px) 54vw, (max-width: 1071px) 543px, 580px\" \/><\/figure>\n\n\n\n<figure class=\"wp-block-image size-large\"><img loading=\"lazy\" decoding=\"async\" width=\"1024\" height=\"576\" src=\"https:\/\/polskamisja.fr\/wp-content\/uploads\/2024\/02\/1-1024x576.jpg\" alt=\"\" class=\"wp-image-1388\" srcset=\"https:\/\/polskamisja.fr\/wp-content\/uploads\/2024\/02\/1-1024x576.jpg 1024w, https:\/\/polskamisja.fr\/wp-content\/uploads\/2024\/02\/1-300x169.jpg 300w, https:\/\/polskamisja.fr\/wp-content\/uploads\/2024\/02\/1-768x432.jpg 768w, https:\/\/polskamisja.fr\/wp-content\/uploads\/2024\/02\/1-1536x864.jpg 1536w, https:\/\/polskamisja.fr\/wp-content\/uploads\/2024\/02\/1.jpg 1920w\" sizes=\"auto, (max-width: 767px) 89vw, (max-width: 1000px) 54vw, (max-width: 1071px) 543px, 580px\" \/><\/figure>\n\n\n\n<ol class=\"wp-block-list\"><li>Bardzo dzi\u0119kuj\u0119 za wype\u0142nienie ankiety w ramach pracy nam raportem z dzia\u0142alno\u015bci Polskiej Misji Katolickiej w Saint Genis-Pouilly. Jestem Wam bardzo wdzi\u0119czny za wyra\u017cone w ten spos\u00f3b zaanga\u017cowanie w funkcjonowanie naszej Wsp\u00f3lnoty. Jeste\u015bmy w trakcie analizy ankiet.<br>W marcu odb\u0119dzie si\u0119 spotkanie Rady Wsp\u00f3lnoty (otwarte dla wszystkich) podczas, kt\u00f3rego b\u0119dziemy mogli zastanowi\u0107 si\u0119 jak w dalszym ci\u0105gu pracowa\u0107 nad rozwojem naszej Wsp\u00f3lnoty (w czym wyniki ankiet mog\u0105 nam pom\u00f3c).<br>Jeszcze raz bardzo Wam dzi\u0119kuj\u0119!<br>Wszystkim tym, kt\u00f3rym ze wzgl\u0119du na nieobecno\u015b\u0107 nie uda\u0142o si\u0119 wype\u0142ni\u0107 ankiety mog\u0105 skorzysta\u0107 z tej mo\u017cliwo\u015bci jeszcze dzi\u015b. W przedsionku znajduj\u0105 si\u0119 ankiety oraz d\u0142ugopisy. Bardzo zach\u0119cam!<\/li><li>Bardzo dzi\u0119kuj\u0119 Stowarzyszeniu Polak\u00f3w w Pays de Gex za zorganizowanie wczorajszej zabawy karnawa\u0142owej i dbanie o przestrze\u0144, w kt\u00f3rej Polacy mog\u0105 si\u0119 spotka\u0107 i wsp\u00f3lnie bawi\u0107.&nbsp;<\/li><li>W tym tygodniu \u015arod\u0105 Popielcow\u0105 rozpoczynamy okres Wielkiego Postu \u2013 czas szczeg\u00f3lnego nawr\u00f3cenia i pokuty. Msza \u015awi\u0119ta w j. polskim w kaplicy w St Genis (8 Rue du Bordeau) o godz. 19.00, spowied\u017a od godz. 18.30.<br>Zach\u0119cam, aby rozpocz\u0105\u0107 Wielki Post od dobrej i szczerej spowiedzi.<br><br><em>Prawo kanoniczne wyja\u015bnia, \u017ce w \u015arod\u0119 Popielcow\u0105 obowi\u0105zuje post \u015bcis\u0142y (ilo\u015bciowy), to znaczy ograniczenie si\u0119 do spo\u017cycia trzech posi\u0142k\u00f3w \u2013 dw\u00f3ch lekkich i jednego do syta, oraz post jako\u015bciowy, a wi\u0119c nie mo\u017cna je\u015b\u0107 mi\u0119sa. Post ilo\u015bciowy obowi\u0105zuje osoby od 18 do 60 roku \u017cycia. Wstrzemi\u0119\u017aliwo\u015b\u0107 od pokarm\u00f3w mi\u0119snych obowi\u0105zuje wszystkich, kt\u00f3rzy uko\u0144czyli 14 lat.<br><\/em><\/li><li>Pierwsza Droga Krzy\u017cowa w tym roku ob\u0119dzie si\u0119 ju\u017c w pi\u0105tek w ko\u015bciele w Sergy o godz. 19.30.<br>Bardzo zach\u0119cam do prowadzenia tego nabo\u017ce\u0144stwa, gdyby kto\u015b chcia\u0142 to prosz\u0119 o kontakt.<\/li><li>A w przedsionku mo\u017cna pobra\u0107 ulotki z wszystkimi informacjami odno\u015bnie prze\u017cywania czasu Wielkiego Postu oraz Wielkanocy w naszej Wsp\u00f3lnocie.<\/li><li>Spotkanie Grupy M\u0142odzie\u017cowej odb\u0119dzie si\u0119 w \u015arod\u0119 Popielcow\u0105 o godz. 17.30 w salce w Saint Genis. M\u0142odzie\u017c otrzyma wtedy prezenty, kt\u00f3re pomog\u0105 w dobrym prze\u017cywaniu czasu Wielkiego Postu.<\/li><li>Mimo, \u017ce ju\u017c wchodzimy w czas Wielkiego Postu to gdyby kto\u015b chcia\u0142 skorzysta\u0107&nbsp;w wizyty duszpasterskiej, tzw. kol\u0119dy to bardzo prosz\u0119 o kontakt. Ch\u0119tnie Was odwiedz\u0119 i wsp\u00f3lnie si\u0119 pomodl\u0119&nbsp;z Wami.<\/li><\/ol>\n","protected":false},"excerpt":{"rendered":"<p>Bardzo dzi\u0119kuj\u0119 za wype\u0142nienie ankiety w ramach pracy nam raportem z dzia\u0142alno\u015bci Polskiej Misji Katolickiej w Saint Genis-Pouilly. Jestem Wam bardzo wdzi\u0119czny za wyra\u017cone w ten spos\u00f3b zaanga\u017cowanie w funkcjonowanie &hellip; <\/p>\n<p class=\"link-more\"><a href=\"https:\/\/polskamisja.fr\/index.php\/2024\/02\/11\/ogloszenia-11-02-2024\/\" class=\"more-link\">Czytaj dalej<span class=\"screen-reader-text\"> \u201eOG\u0141OSZENIA 11.02.2024\u201d<\/span><\/a><\/p>\n","protected":false},"author":5,"featured_media":0,"comment_status":"open","ping_status":"open","sticky":false,"template":"","format":"standard","meta":{"footnotes":""},"categories":[1],"tags":[],"class_list":["post-1381","post","type-post","status-publish","format-standard","hentry","category-uncategorized"],"_links":{"self":[{"href":"https:\/\/polskamisja.fr\/index.php\/wp-json\/wp\/v2\/posts\/1381","targetHints":{"allow":["GET"]}}],"collection":[{"href":"https:\/\/polskamisja.fr\/index.php\/wp-json\/wp\/v2\/posts"}],"about":[{"href":"https:\/\/polskamisja.fr\/index.php\/wp-json\/wp\/v2\/types\/post"}],"author":[{"embeddable":true,"href":"https:\/\/polskamisja.fr\/index.php\/wp-json\/wp\/v2\/users\/5"}],"replies":[{"embeddable":true,"href":"https:\/\/polskamisja.fr\/index.php\/wp-json\/wp\/v2\/comments?post=1381"}],"version-history":[{"count":5,"href":"https:\/\/polskamisja.fr\/index.php\/wp-json\/wp\/v2\/posts\/1381\/revisions"}],"predecessor-version":[{"id":1390,"href":"https:\/\/polskamisja.fr\/index.php\/wp-json\/wp\/v2\/posts\/1381\/revisions\/1390"}],"wp:attachment":[{"href":"https:\/\/polskamisja.fr\/index.php\/wp-json\/wp\/v2\/media?parent=1381"}],"wp:term":[{"taxonomy":"category","embeddable":true,"href":"https:\/\/polskamisja.fr\/index.php\/wp-json\/wp\/v2\/categories?post=1381"},{"taxonomy":"post_tag","embeddable":true,"href":"https:\/\/polskamisja.fr\/index.php\/wp-json\/wp\/v2\/tags?post=1381"}],"curies":[{"name":"wp","href":"https:\/\/api.w.org\/{rel}","templated":true}]}}