{"id":1364,"date":"2024-02-03T12:55:16","date_gmt":"2024-02-03T10:55:16","guid":{"rendered":"https:\/\/polskamisja.fr\/?p=1364"},"modified":"2024-02-04T16:13:08","modified_gmt":"2024-02-04T14:13:08","slug":"ogloszenia-4-02-2024","status":"publish","type":"post","link":"https:\/\/polskamisja.fr\/index.php\/2024\/02\/03\/ogloszenia-4-02-2024\/","title":{"rendered":"OG\u0141OSZENIA 4.02.2024"},"content":{"rendered":"\n<ol class=\"wp-block-list\"><li>Dzi\u015b I Niedziela Miesi\u0105ca &#8211; bezpo\u015brednio po Mszy \u015awi\u0119tej b\u0119dzie jeszcze mo\u017cliwo\u015b\u0107 skorzystania z sakramentu pokuty.\u00a0<\/li><li>Jutro (w poniedzia\u0142ek &#8211; 5.02) od godz. 20.15 do 22.00 w St Genis odb\u0119dzie si\u0119 spotkanie w sprawie remontu naszej plebanii. Wszystkich, kt\u00f3rzy s\u0105 gotowi pom\u00f3c zapraszamy na spotkanie.<\/li><li>Za tydzie\u0144 II Niedziela Miesi\u0105ca &#8211; zwykle mamy spotkanie integracyjne, jednak tym razem zostanie ono anulowane, poniewa\u017c w sobot\u0119 jest organizowana zabawa karnawa\u0142owa przez Stowarzyszenie Polak\u00f3w Pays de Gex, w kt\u00f3rej wielu z nas b\u0119dzie uczestniczy\u0107.<\/li><li>W pi\u0105tek b\u0119dzie dodatkowa Msza \u015awi\u0119ta w j. polskim o godz. 8.20 w kaplicy w St Genis.\u00a0<\/li><li>Msza w \u015arod\u0119 Popielcow\u0105 &#8211; 14 lutego, odb\u0119dzie si\u0119 w kaplicy w St Genis o godz. 19.00.<\/li><li>Dzi\u0119kuj\u0119 bardzo za zbi\u00f3rk\u0119 pieni\u0119dzy na chorych na tr\u0105d, w ubieg\u0142\u0105 niedziel\u0119. Uda\u0142o nam si\u0119 zebra\u0107 524,25 euro co stanowi drug\u0105 kwot\u0119 w naszym regionie. Bardzo dzi\u0119kuj\u0119!<\/li><li>Z racji ponad dw\u00f3ch lat dzia\u0142ania Polskiej Misji Katolickiej w Saint Genis-Pouilly i zmiany ksi\u0119dza w naszej Wsp\u00f3lnocie zostali\u015bmy poproszeni o napisanie sprawozdania z naszej dzia\u0142alno\u015bci, z naszego funkcjonowania. Dzi\u0119ki temu mo\u017cemy zobaczy\u0107 dobro, kt\u00f3re ju\u017c si\u0119 wydarzy\u0142o i kierunek w jakim chcemy pod\u0105\u017ca\u0107. To sprawozdanie zostanie tak\u017ce wys\u0142ane do naszego bp-a Pascala Roland.<br>Bardzo zale\u017cy nam na tym, aby w ramach tego sprawozdania pozna\u0107 opini\u0119 o naszej Wsp\u00f3lnocie wszystkich parafian &#8211; zale\u017cy nam na tym, \u017ceby us\u0142ysze\u0107 Tw\u00f3j g\u0142os.<br>Rzadko kiedy zwracam si\u0119 z pro\u015bb\u0105 do ca\u0142ej parafii, ale dzi\u015b prosz\u0119 Was wszystkich i ka\u017cdego z osobna, bo bardzo chce pozna\u0107 Twoje zdanie. Ty jeste\u015b\u00a0wa\u017cny!<br>Prosz\u0119 wype\u0142nij t\u0119 ankiet\u0119 &#8211; je\u015bli nie chcesz to nawet wrzu\u0107 j\u0105 pust\u0105 (to b\u0119dzie r\u00f3wnie\u017c Tw\u00f3j g\u0142os). To b\u0119dzie Twoje zaanga\u017cowanie w \u017cycie Wsp\u00f3lnoty! Czas na wype\u0142nienie ankiety jest teraz, a w przedsionku b\u0119dzie mo\u017cna wrzuci\u0107 t\u0119 ankiet\u0119 do skrzynki. Ju\u017c teraz Ci dzi\u0119kuj\u0119!<\/li><\/ol>\n","protected":false},"excerpt":{"rendered":"<p>Dzi\u015b I Niedziela Miesi\u0105ca &#8211; bezpo\u015brednio po Mszy \u015awi\u0119tej b\u0119dzie jeszcze mo\u017cliwo\u015b\u0107 skorzystania z sakramentu pokuty.\u00a0 Jutro (w poniedzia\u0142ek &#8211; 5.02) od godz. 20.15 do 22.00 w St Genis odb\u0119dzie &hellip; <\/p>\n<p class=\"link-more\"><a href=\"https:\/\/polskamisja.fr\/index.php\/2024\/02\/03\/ogloszenia-4-02-2024\/\" class=\"more-link\">Czytaj dalej<span class=\"screen-reader-text\"> \u201eOG\u0141OSZENIA 4.02.2024\u201d<\/span><\/a><\/p>\n","protected":false},"author":5,"featured_media":0,"comment_status":"open","ping_status":"open","sticky":false,"template":"","format":"standard","meta":{"footnotes":""},"categories":[1],"tags":[],"class_list":["post-1364","post","type-post","status-publish","format-standard","hentry","category-uncategorized"],"_links":{"self":[{"href":"https:\/\/polskamisja.fr\/index.php\/wp-json\/wp\/v2\/posts\/1364","targetHints":{"allow":["GET"]}}],"collection":[{"href":"https:\/\/polskamisja.fr\/index.php\/wp-json\/wp\/v2\/posts"}],"about":[{"href":"https:\/\/polskamisja.fr\/index.php\/wp-json\/wp\/v2\/types\/post"}],"author":[{"embeddable":true,"href":"https:\/\/polskamisja.fr\/index.php\/wp-json\/wp\/v2\/users\/5"}],"replies":[{"embeddable":true,"href":"https:\/\/polskamisja.fr\/index.php\/wp-json\/wp\/v2\/comments?post=1364"}],"version-history":[{"count":4,"href":"https:\/\/polskamisja.fr\/index.php\/wp-json\/wp\/v2\/posts\/1364\/revisions"}],"predecessor-version":[{"id":1379,"href":"https:\/\/polskamisja.fr\/index.php\/wp-json\/wp\/v2\/posts\/1364\/revisions\/1379"}],"wp:attachment":[{"href":"https:\/\/polskamisja.fr\/index.php\/wp-json\/wp\/v2\/media?parent=1364"}],"wp:term":[{"taxonomy":"category","embeddable":true,"href":"https:\/\/polskamisja.fr\/index.php\/wp-json\/wp\/v2\/categories?post=1364"},{"taxonomy":"post_tag","embeddable":true,"href":"https:\/\/polskamisja.fr\/index.php\/wp-json\/wp\/v2\/tags?post=1364"}],"curies":[{"name":"wp","href":"https:\/\/api.w.org\/{rel}","templated":true}]}}