{"id":1362,"date":"2024-01-28T16:44:48","date_gmt":"2024-01-28T14:44:48","guid":{"rendered":"https:\/\/polskamisja.fr\/?p=1362"},"modified":"2024-01-28T16:44:48","modified_gmt":"2024-01-28T14:44:48","slug":"ogloszenia-28-01-2024","status":"publish","type":"post","link":"https:\/\/polskamisja.fr\/index.php\/2024\/01\/28\/ogloszenia-28-01-2024\/","title":{"rendered":"OG\u0141OSZENIA 28.01.2024"},"content":{"rendered":"\n<ol class=\"wp-block-list\"><li>Dzi\u015b po Mszy \u015awi\u0119tej w ramach pomocy materialnej b\u0119dziemy mogli wesprze\u0107 tych, kt\u00f3rzy zajmuj\u0105 si\u0119 i pomagaj\u0105 osobom chorym na tr\u0105d. Dzi\u0119kuj\u0119 za wszelk\u0105 pomoc. <\/li><li>Dzi\u0119kujemy Panu Bogu za dar nowego ministranta &#8211; Samuela, w naszej Wsp\u00f3lnocie. <br>Z tej okazji dzi\u0119kuje wszystkich, kt\u00f3rzy anga\u017cuj\u0105 si\u0119 w Liturgiczn\u0105 S\u0142u\u017cb\u0119 O\u0142tarza: ch\u0142opcom i dziewczynom oraz rodzinom dzieci i m\u0142odzie\u017cy za umo\u017cliwienie im tej s\u0142u\u017cby.<\/li><li>Nasza diecezja wyrazi\u0142a zgod\u0119 na prace remontowe na naszej plebani. Spotkanie wszystkich, kt\u00f3rzy chcieliby pom\u00f3c w pracach odb\u0119dzie si\u0119 5 lutego od godziny 20.15 do 22.00 w salce w St Genis (8 rue du Bordeau).<\/li><li>W tym tygodniu Pierwszy Pi\u0105tek Miesi\u0105ca, kt\u00f3ry wypada 2 lutego, czyli w \u015awi\u0119to Ofiarowania Pa\u0144skiego. Spowied\u017a \u015awi\u0119ta od godz. 19.15 w kaplicy w St Genis, o 20.00 Msza \u015awi\u0119ta a po niej Adoracja prowadzona przez nasz\u0105 m\u0142odzie\u017c.<\/li><li>Za tydzie\u0144 I Niedziela Miesi\u0105ca &#8211; Msza \u015awi\u0119ta sprawowana jest w naszych intencjach. Gdyby kto\u015b chcia\u0142, aby ca\u0142a wsp\u00f3lnota modli\u0142a si\u0119 w danej intencji prosz\u0119 o przes\u0142anie jej drog\u0105 mailow\u0105 lub przez komunikatory albo zostawienie w skrzynce intencji w przedsionku ko\u015bcio\u0142a. <br>Po Mszy \u015awi\u0119tej w I Niedziel\u0119 b\u0119dzie te\u017c dodatkowa mo\u017cliwo\u015b\u0107\u00a0spowiedzi. <\/li><\/ol>\n","protected":false},"excerpt":{"rendered":"<p>Dzi\u015b po Mszy \u015awi\u0119tej w ramach pomocy materialnej b\u0119dziemy mogli wesprze\u0107 tych, kt\u00f3rzy zajmuj\u0105 si\u0119 i pomagaj\u0105 osobom chorym na tr\u0105d. Dzi\u0119kuj\u0119 za wszelk\u0105 pomoc. Dzi\u0119kujemy Panu Bogu za dar &hellip; <\/p>\n<p class=\"link-more\"><a href=\"https:\/\/polskamisja.fr\/index.php\/2024\/01\/28\/ogloszenia-28-01-2024\/\" class=\"more-link\">Czytaj dalej<span class=\"screen-reader-text\"> \u201eOG\u0141OSZENIA 28.01.2024\u201d<\/span><\/a><\/p>\n","protected":false},"author":5,"featured_media":0,"comment_status":"open","ping_status":"open","sticky":false,"template":"","format":"standard","meta":{"footnotes":""},"categories":[1],"tags":[],"class_list":["post-1362","post","type-post","status-publish","format-standard","hentry","category-uncategorized"],"_links":{"self":[{"href":"https:\/\/polskamisja.fr\/index.php\/wp-json\/wp\/v2\/posts\/1362","targetHints":{"allow":["GET"]}}],"collection":[{"href":"https:\/\/polskamisja.fr\/index.php\/wp-json\/wp\/v2\/posts"}],"about":[{"href":"https:\/\/polskamisja.fr\/index.php\/wp-json\/wp\/v2\/types\/post"}],"author":[{"embeddable":true,"href":"https:\/\/polskamisja.fr\/index.php\/wp-json\/wp\/v2\/users\/5"}],"replies":[{"embeddable":true,"href":"https:\/\/polskamisja.fr\/index.php\/wp-json\/wp\/v2\/comments?post=1362"}],"version-history":[{"count":1,"href":"https:\/\/polskamisja.fr\/index.php\/wp-json\/wp\/v2\/posts\/1362\/revisions"}],"predecessor-version":[{"id":1363,"href":"https:\/\/polskamisja.fr\/index.php\/wp-json\/wp\/v2\/posts\/1362\/revisions\/1363"}],"wp:attachment":[{"href":"https:\/\/polskamisja.fr\/index.php\/wp-json\/wp\/v2\/media?parent=1362"}],"wp:term":[{"taxonomy":"category","embeddable":true,"href":"https:\/\/polskamisja.fr\/index.php\/wp-json\/wp\/v2\/categories?post=1362"},{"taxonomy":"post_tag","embeddable":true,"href":"https:\/\/polskamisja.fr\/index.php\/wp-json\/wp\/v2\/tags?post=1362"}],"curies":[{"name":"wp","href":"https:\/\/api.w.org\/{rel}","templated":true}]}}