{"id":1356,"date":"2024-01-21T18:09:10","date_gmt":"2024-01-21T16:09:10","guid":{"rendered":"https:\/\/polskamisja.fr\/?p=1356"},"modified":"2024-01-22T10:54:16","modified_gmt":"2024-01-22T08:54:16","slug":"ogloszenia-21-01-2023","status":"publish","type":"post","link":"https:\/\/polskamisja.fr\/index.php\/2024\/01\/21\/ogloszenia-21-01-2023\/","title":{"rendered":"OG\u0141OSZENIA 21.01.2023"},"content":{"rendered":"\n<ol class=\"wp-block-list\"><li>Bardzo ciesz\u0119 si\u0119 wszystkimi, kt\u00f3rzy dzi\u015b odnowili swoje przysi\u0119gi ma\u0142\u017ce\u0144skie &#8211; niech to b\u0119dzie dla Was umocnienie w mi\u0142o\u015bci okazywanej sobie na codzie\u0144.<\/li><li>Dzi\u0119kuj\u0119 za III Sesj\u0119 Warsztat\u00f3w Muzyki Liturgicznej &#8211; wszystkim uczestnikom oraz tym kt\u00f3rzy organizuj\u0105 ten czas. Dzi\u0119kuj\u0119 te\u017c\u00a0 wsp\u00f3\u0142ma\u0142\u017conkom i rodzinom \u015bpiewaj\u0105cych , bo cz\u0119sto jest tak, \u017ce aby oni mogli si\u0119 zaanga\u017cowa\u0107, Wy przejmujecie ich obowi\u0105zki (niekoniecznie r\u00f3wnie przyjemne jak \u015bpiewanie).<br>Kontynuacj\u0105 naszej modlitwy b\u0119dzie Wiecz\u00f3r Uwielbienia tzn. Adoracja (bezpo\u015brednio po Mszy \u015awi\u0119tej) animowana przez nasz ch\u00f3r, z pi\u0119knymi \u015bpiewami i s\u0142owami modlitwy. Na zako\u0144czenie Adoracji b\u0119dzie tzw. B\u0142ogos\u0142awie\u0144stwo Lourdzkie \u2013 tzn. ka\u017cdy mo\u017ce otrzyma\u0107 indywidualne b\u0142ogos\u0142awie\u0144stwo Naj\u015bwi\u0119tszym Sakramentem.<br>Adoracja potrwa oko\u0142o 40 min, a potem b\u0119dzie jeszcze koncert kol\u0119d. Serdecznie zapraszam do pozostania.<\/li><li>We wtorek o godz. 20.00 modlitw\u0105 w kaplicy w St Genis rozpoczniemy spotkanie naszej Rady Wsp\u00f3lnotowej. Jak zawsze jest to spotkanie otwarte i zapraszamy ch\u0119tnych.<\/li><li>W niedziel\u0119 w Genewie odb\u0119dzie si\u0119\u00a0Fina\u0142 WO\u015aP &#8211; w godz. 13.00 do 18.00 w Sta\u0142ym Przestasicielstwie RP (l&#8217;Ancienne Route 15, 1218 Grand-Saconnex \/ Genewa). <\/li><li>W przysz\u0142\u0105 niedziel\u0119 po Mszy \u015awi\u0119tej w ramach pomocy materialnej b\u0119dziemy mogli wesprze\u0107 tych, kt\u00f3rzy zajmuj\u0105 si\u0119 i pomagaj\u0105 osobom chorym na tr\u0105d.<\/li><li>Spotkanie Grupy M\u0142odzie\u017cowej odb\u0119dzie si\u0119 w przysz\u0142\u0105 niedziel\u0119\u00a0od godz. 15.40 w sali s. Emmanuelle.<\/li><li>Za tydzie\u0144 na Mszy \u015awi\u0119tej &#8211; Samuel &#8211; zostanie przyj\u0119ty do grona ministrant\u00f3w.<\/li><\/ol>\n","protected":false},"excerpt":{"rendered":"<p>Bardzo ciesz\u0119 si\u0119 wszystkimi, kt\u00f3rzy dzi\u015b odnowili swoje przysi\u0119gi ma\u0142\u017ce\u0144skie &#8211; niech to b\u0119dzie dla Was umocnienie w mi\u0142o\u015bci okazywanej sobie na codzie\u0144. Dzi\u0119kuj\u0119 za III Sesj\u0119 Warsztat\u00f3w Muzyki Liturgicznej &hellip; <\/p>\n<p class=\"link-more\"><a href=\"https:\/\/polskamisja.fr\/index.php\/2024\/01\/21\/ogloszenia-21-01-2023\/\" class=\"more-link\">Czytaj dalej<span class=\"screen-reader-text\"> \u201eOG\u0141OSZENIA 21.01.2023\u201d<\/span><\/a><\/p>\n","protected":false},"author":5,"featured_media":0,"comment_status":"open","ping_status":"open","sticky":false,"template":"","format":"standard","meta":{"footnotes":""},"categories":[1],"tags":[],"class_list":["post-1356","post","type-post","status-publish","format-standard","hentry","category-uncategorized"],"_links":{"self":[{"href":"https:\/\/polskamisja.fr\/index.php\/wp-json\/wp\/v2\/posts\/1356","targetHints":{"allow":["GET"]}}],"collection":[{"href":"https:\/\/polskamisja.fr\/index.php\/wp-json\/wp\/v2\/posts"}],"about":[{"href":"https:\/\/polskamisja.fr\/index.php\/wp-json\/wp\/v2\/types\/post"}],"author":[{"embeddable":true,"href":"https:\/\/polskamisja.fr\/index.php\/wp-json\/wp\/v2\/users\/5"}],"replies":[{"embeddable":true,"href":"https:\/\/polskamisja.fr\/index.php\/wp-json\/wp\/v2\/comments?post=1356"}],"version-history":[{"count":3,"href":"https:\/\/polskamisja.fr\/index.php\/wp-json\/wp\/v2\/posts\/1356\/revisions"}],"predecessor-version":[{"id":1359,"href":"https:\/\/polskamisja.fr\/index.php\/wp-json\/wp\/v2\/posts\/1356\/revisions\/1359"}],"wp:attachment":[{"href":"https:\/\/polskamisja.fr\/index.php\/wp-json\/wp\/v2\/media?parent=1356"}],"wp:term":[{"taxonomy":"category","embeddable":true,"href":"https:\/\/polskamisja.fr\/index.php\/wp-json\/wp\/v2\/categories?post=1356"},{"taxonomy":"post_tag","embeddable":true,"href":"https:\/\/polskamisja.fr\/index.php\/wp-json\/wp\/v2\/tags?post=1356"}],"curies":[{"name":"wp","href":"https:\/\/api.w.org\/{rel}","templated":true}]}}