{"id":1280,"date":"2023-10-01T15:07:20","date_gmt":"2023-10-01T13:07:20","guid":{"rendered":"https:\/\/polskamisja.fr\/?p=1280"},"modified":"2023-10-01T15:07:20","modified_gmt":"2023-10-01T13:07:20","slug":"ogloszenia-1-10-2023","status":"publish","type":"post","link":"https:\/\/polskamisja.fr\/index.php\/2023\/10\/01\/ogloszenia-1-10-2023\/","title":{"rendered":"OG\u0141OSZENIA 1.10.2023"},"content":{"rendered":"\n<p>1. W naszej wsp\u00f3lnocie parafialnej b\u0119dziemy odkrywa\u0107 \u00ab\u00a0wizj\u0119 duszpastersk\u0105\u00a0\u00bb \u2013 to co w spos\u00f3b szczeg\u00f3lny jest nam dane przez Pana Boga i w jaki spos\u00f3b my mo\u017cemy ten dar realizowa\u0107.<br>Pomoc\u0105 pos\u0142u\u017cy nam o. Rafael \u2013 dominikanin, kt\u00f3ry 8 pa\u017adziernika (w przysz\u0142\u0105 niedziel\u0119) b\u0119dzie go\u015bci\u0107 w naszej wsp\u00f3lnocie parafialnej i wyg\u0142osi S\u0142owo Bo\u017ce.<br>8 pa\u017adziernika od godz. 14.15 do 17.30 w St Genis b\u0119dzie spotkanie z o. Rafaelem w ramach pracy nad nasz\u0105 wizj\u0105 duszpastersk\u0105. Spotkanie b\u0119dzie t\u0142umaczone na j. polski &#8211; dzi\u0119kuj\u0119 Kasi.<br>Z tej racji nasze spotkanie integracyjne odb\u0119dzie si\u0119 nie w przysz\u0142\u0105 niedziel\u0119, a w niedziel\u0119 15 pa\u017adziernika.<br><br>2. Modlitwa R\u00f3\u017ca\u0144cowa w \u015bwi\u0119to Matki Bo\u017cej R\u00f3\u017ca\u0144cowej w sobot\u0119 od 15.00 do 16.00 przy figurze Notre Dame des Marais.<br><br>3. W tym tygodniu Pierwszy Pi\u0105tek. Od 19.15 spowied\u017a , Msza o 20.00, a nast\u0119pnie Adoracja.<br><br>4. Zapraszam do zapis\u00f3w na katechez\u0119 i grup\u0119 m\u0142odzie\u017cow\u0105, prosz\u0119 tak\u017ce o z\u0142o\u017cenie ofiary zwi\u0105zanej z katechez\u0105 do p. Iwony.<br><br>5. Pa\u017adziernik to Miesi\u0105c R\u00f3\u017ca\u0144cowy &#8211; R\u00f3\u017caniec w ka\u017cd\u0105 niedziel\u0119 przed Msz\u0105, o 17.30; <br>11 pa\u017adziernika o 20.00 w kaplicy w St Genis oraz 21 pa\u017adziernika w grocie pod Reculet (wyj\u015bcie w g\u00f3ry).<br>Dzi\u0119kuj\u0119 za modlitw\u0119 R\u00f3\u017ca\u0144cow\u0105 i wytrwa\u0142o\u015b\u0107 osobom tworz\u0105cym R\u00f3\u017ce \u015bw. Moniki.<br><br>6. W ka\u017cd\u0105 niedziel\u0119 w ko\u015bciele b\u0119dzie obok drzwi wyj\u015bciowych skrzynka na intencje modlitewne, w kt\u00f3rych sprawowana b\u0119dzie Msza \u015awi\u0119ta w I niedziel\u0119 miesi\u0105ca. Zach\u0119cam,\u00a0\u017ceby powierza\u0107 wszystko to, co jest nasz\u0105 rado\u015bci\u0105, ale tak\u017ce prosi\u0107 Boga o pomoc w trudach, kt\u00f3re prze\u017cywamy.<br>Ta skrzynka pomie\u015bci \u201ewszystko\u201d dlatego, je\u015bli kto\u015b chcia\u0142by zwr\u00f3ci\u0107 na co\u015b uwag\u0119; wskaza\u0107, co funkcjonuje w spos\u00f3b niew\u0142a\u015bciwy w naszej wsp\u00f3lnocie, a nie czuje si\u0119 gotowy porozmawia\u0107 bezpo\u015brednio \u2013 to jak najbardziej mo\u017cna takie uwagi, pro\u015bby wrzuca\u0107 do tej skrzynki.<\/p>\n","protected":false},"excerpt":{"rendered":"<p>1. W naszej wsp\u00f3lnocie parafialnej b\u0119dziemy odkrywa\u0107 \u00ab\u00a0wizj\u0119 duszpastersk\u0105\u00a0\u00bb \u2013 to co w spos\u00f3b szczeg\u00f3lny jest nam dane przez Pana Boga i w jaki spos\u00f3b my mo\u017cemy ten dar realizowa\u0107.Pomoc\u0105 &hellip; <\/p>\n<p class=\"link-more\"><a href=\"https:\/\/polskamisja.fr\/index.php\/2023\/10\/01\/ogloszenia-1-10-2023\/\" class=\"more-link\">Czytaj dalej<span class=\"screen-reader-text\"> \u201eOG\u0141OSZENIA 1.10.2023\u201d<\/span><\/a><\/p>\n","protected":false},"author":5,"featured_media":0,"comment_status":"open","ping_status":"open","sticky":false,"template":"","format":"standard","meta":{"footnotes":""},"categories":[1],"tags":[],"class_list":["post-1280","post","type-post","status-publish","format-standard","hentry","category-uncategorized"],"_links":{"self":[{"href":"https:\/\/polskamisja.fr\/index.php\/wp-json\/wp\/v2\/posts\/1280","targetHints":{"allow":["GET"]}}],"collection":[{"href":"https:\/\/polskamisja.fr\/index.php\/wp-json\/wp\/v2\/posts"}],"about":[{"href":"https:\/\/polskamisja.fr\/index.php\/wp-json\/wp\/v2\/types\/post"}],"author":[{"embeddable":true,"href":"https:\/\/polskamisja.fr\/index.php\/wp-json\/wp\/v2\/users\/5"}],"replies":[{"embeddable":true,"href":"https:\/\/polskamisja.fr\/index.php\/wp-json\/wp\/v2\/comments?post=1280"}],"version-history":[{"count":1,"href":"https:\/\/polskamisja.fr\/index.php\/wp-json\/wp\/v2\/posts\/1280\/revisions"}],"predecessor-version":[{"id":1281,"href":"https:\/\/polskamisja.fr\/index.php\/wp-json\/wp\/v2\/posts\/1280\/revisions\/1281"}],"wp:attachment":[{"href":"https:\/\/polskamisja.fr\/index.php\/wp-json\/wp\/v2\/media?parent=1280"}],"wp:term":[{"taxonomy":"category","embeddable":true,"href":"https:\/\/polskamisja.fr\/index.php\/wp-json\/wp\/v2\/categories?post=1280"},{"taxonomy":"post_tag","embeddable":true,"href":"https:\/\/polskamisja.fr\/index.php\/wp-json\/wp\/v2\/tags?post=1280"}],"curies":[{"name":"wp","href":"https:\/\/api.w.org\/{rel}","templated":true}]}}