{"id":1260,"date":"2023-09-25T09:13:42","date_gmt":"2023-09-25T07:13:42","guid":{"rendered":"https:\/\/polskamisja.fr\/?p=1260"},"modified":"2023-09-25T09:13:42","modified_gmt":"2023-09-25T07:13:42","slug":"ogloszenia-24-09-2023","status":"publish","type":"post","link":"https:\/\/polskamisja.fr\/index.php\/2023\/09\/25\/ogloszenia-24-09-2023\/","title":{"rendered":"OG\u0141OSZENIA 24.09.2023"},"content":{"rendered":"\n<p>1. Ciesz\u0119 si\u0119, \u017ce s\u0105 powody do ogromnej wdzi\u0119czno\u015bci. Dlatego dzi\u0119kuj\u0119:<\/p>\n\n\n\n<ul class=\"wp-block-list\"><li>Ewie, Micha\u0142owi oraz Sebastianowi za zorganizowanie wtorkowego wypadu na \u017cagle dla 16 os\u00f3b z grupy m\u0142odzie\u017cowej<\/li><li>radzie naszej wsp\u00f3lnoty za udzia\u0142 w spotkaniu w \u015brod\u0119<\/li><li>dzieciom, m\u0142odzie\u017cy, rodzicom oraz katechetom za zorganizowanie i udzia\u0142 w rozpocz\u0119ciu roku formacyjnego dla grup katechetycznych &#8211; bardzo si\u0119\u00a0ciesz\u0119 z tego spotkania, waszej obecno\u015bci i z czasu, kt\u00f3ry mogli\u015bmy zaraz sp\u0119dzi\u0107 przy pysznym pikniku<br><br>2. W tym roku b\u0119dziemy mieli Msze Rodzinne, wtedy kiedy b\u0119dzie niedziela katechetyczna. Pierwsza taka Msza ju\u017c za tydzie\u0144. Chcemy, aby w tym roku dzieci i m\u0142odzie\u017c byli jeszcze bardziej widoczni i aktywni st\u0105d kilka propozycji:<br><\/li><li>kazanie adresowane do dzieci i pro\u015bba, aby one przysz\u0142y przed o\u0142tarz<\/li><li>dzieci francuskie bardzo lubi\u0105 zbiera\u0107 sk\u0142adk\u0119, wi\u0119c mo\u017ce i to pomys\u0142 dla nas<\/li><li>podczas Mszy b\u0119dziesz \u015bpiewa\u0107 schola dzieci\u0119co-m\u0142odzie\u017cowa<\/li><li>sk\u0142adanie dar\u00f3w ofiarnych &#8211; dzieci przynosz\u0105 do o\u0142tarza chleb, wino, wod\u0119<\/li><li>podczas modlitwy Ojcze Nasz \u2014 dzieci ustawiaj\u0105 si\u0119 przed o\u0142tarzem<\/li><li>w ramach przekazania znaku pokoju, najm\u0142odsze dzieci zanosz\u0105 ten znak zgromadzonym<br><br>3. Pr\u00f3ba scholi dzieci\u0119co-m\u0142odzie\u017cowej w t\u0119 sobot\u0119 o godz. 9.00 do 11.00 w sali s. Emmanuelle w St Genis. Serdecznie zapraszamy!<br><br>4. W pi\u0105tek o godz. 20.00 w St Genis spotkanie dla wszystkich, kt\u00f3rzy w tym roku chc\u0105 uczestniczy\u0107 w formacji biblijnej. Zapraszamy!<br><br>5. We wtorek od godziny 20.30 do 21.30 w j\u0119zyku francuskim w kaplicy w St Genis wiecz\u00f3r uwielbieniowy!<br><br>6. W poniedzia\u0142ek (25.09) czuwanie z Matk\u0105\u00a0Bo\u017c\u0105. O 18.00 w kaplicy w St Genis R\u00f3\u017caniec, 18.30 Msza \u015awi\u0119ta, 19.15 Adoracja z mo\u017cliwo\u015bci\u0105 spowiedzi oraz konferencja Maryjna.<br><br>7. W dalszym ci\u0105gu zapraszam do zapis\u00f3w na katechez\u0119 i grup\u0119 m\u0142odzie\u017cow\u0105, prosz\u0119 tak\u017ce o z\u0142o\u017cenie ofiary zwi\u0105zanej z katechez\u0105. <br>W niedziel\u0119 1 pa\u017adziernika katecheza dla wszystkich dzieci. Rozpoczniemy o godz. 15.45 uwielbieniem w kaplicy w St Genis i wsp\u00f3ln\u0105 modlitw\u0105. Prosz\u0119 o punktualno\u015b\u0107!<br>Je\u015bli rodzice chcieliby zosta\u0107 i porozmawia\u0107, to wtedy kiedy dzieci b\u0119d\u0105 mia\u0142y katechez\u0119 &#8211; jest taka mo\u017cliwo\u015b\u0107! Zapraszamy!<br><br>8. W naszej wsp\u00f3lnocie parafialnej b\u0119dziemy odkrywa\u0107 \u00ab\u00a0wizj\u0119 duszpastersk\u0105\u00a0\u00bb \u2013 to co w spos\u00f3b szczeg\u00f3lny jest nam dane przez Pana Boga i w jaki spos\u00f3b my mo\u017cemy ten dar realizowa\u0107.<br>Pomoc\u0105 pos\u0142u\u017cy nam o. Rafael \u2013 dominikanin, kt\u00f3ry 8 pa\u017adziernika b\u0119dzie go\u015bci\u0107 w naszej wsp\u00f3lnocie parafialnej i wyg\u0142osi S\u0142owo Bo\u017ce. Zach\u0119cam do modlitwy w intencji naszej mi\u0119dzynarodowej parafii.<br>8 pa\u017adziernika od godz. 14.15 do 17.30 w St Genis b\u0119dzie spotkanie z o. Rafaelem w ramach pracy nad nasz\u0105 wizj\u0105 duszpastersk\u0105.<br><br>9. W ka\u017cd\u0105 niedziel\u0119 w ko\u015bciele b\u0119dzie obok drzwi wyj\u015bciowych skrzynka na intencje modlitewne, w kt\u00f3rych sprawowana b\u0119dzie Msza \u015awi\u0119ta w I niedziel\u0119 miesi\u0105ca. Zach\u0119cam,\u00a0\u017ceby powierza\u0107 wszystko to, co jest nasz\u0105 rado\u015bci\u0105, ale tak\u017ce prosi\u0107 Boga o pomoc w trudach, kt\u00f3re prze\u017cywamy.<br>Ta skrzynka pomie\u015bci &#8222;wszystko&#8221; dlatego, je\u015bli kto\u015b chcia\u0142by zwr\u00f3ci\u0107 na co\u015b uwag\u0119; wskaza\u0107, co funkcjonuje w spos\u00f3b niew\u0142a\u015bciwy w naszej wsp\u00f3lnocie, a nie czuje si\u0119 gotowy porozmawia\u0107 bezpo\u015brednio &#8211; to jak najbardziej mo\u017cna takie uwagi, pro\u015bby wrzuca\u0107 do tej skrzynki.<br>Bardzo dzi\u0119kuj\u0119!<\/li><\/ul>\n","protected":false},"excerpt":{"rendered":"<p>1. Ciesz\u0119 si\u0119, \u017ce s\u0105 powody do ogromnej wdzi\u0119czno\u015bci. Dlatego dzi\u0119kuj\u0119: Ewie, Micha\u0142owi oraz Sebastianowi za zorganizowanie wtorkowego wypadu na \u017cagle dla 16 os\u00f3b z grupy m\u0142odzie\u017cowej radzie naszej wsp\u00f3lnoty &hellip; <\/p>\n<p class=\"link-more\"><a href=\"https:\/\/polskamisja.fr\/index.php\/2023\/09\/25\/ogloszenia-24-09-2023\/\" class=\"more-link\">Czytaj dalej<span class=\"screen-reader-text\"> \u201eOG\u0141OSZENIA 24.09.2023\u201d<\/span><\/a><\/p>\n","protected":false},"author":5,"featured_media":0,"comment_status":"open","ping_status":"open","sticky":false,"template":"","format":"standard","meta":{"footnotes":""},"categories":[1],"tags":[],"class_list":["post-1260","post","type-post","status-publish","format-standard","hentry","category-uncategorized"],"_links":{"self":[{"href":"https:\/\/polskamisja.fr\/index.php\/wp-json\/wp\/v2\/posts\/1260","targetHints":{"allow":["GET"]}}],"collection":[{"href":"https:\/\/polskamisja.fr\/index.php\/wp-json\/wp\/v2\/posts"}],"about":[{"href":"https:\/\/polskamisja.fr\/index.php\/wp-json\/wp\/v2\/types\/post"}],"author":[{"embeddable":true,"href":"https:\/\/polskamisja.fr\/index.php\/wp-json\/wp\/v2\/users\/5"}],"replies":[{"embeddable":true,"href":"https:\/\/polskamisja.fr\/index.php\/wp-json\/wp\/v2\/comments?post=1260"}],"version-history":[{"count":1,"href":"https:\/\/polskamisja.fr\/index.php\/wp-json\/wp\/v2\/posts\/1260\/revisions"}],"predecessor-version":[{"id":1261,"href":"https:\/\/polskamisja.fr\/index.php\/wp-json\/wp\/v2\/posts\/1260\/revisions\/1261"}],"wp:attachment":[{"href":"https:\/\/polskamisja.fr\/index.php\/wp-json\/wp\/v2\/media?parent=1260"}],"wp:term":[{"taxonomy":"category","embeddable":true,"href":"https:\/\/polskamisja.fr\/index.php\/wp-json\/wp\/v2\/categories?post=1260"},{"taxonomy":"post_tag","embeddable":true,"href":"https:\/\/polskamisja.fr\/index.php\/wp-json\/wp\/v2\/tags?post=1260"}],"curies":[{"name":"wp","href":"https:\/\/api.w.org\/{rel}","templated":true}]}}