{"id":1253,"date":"2023-09-17T11:00:45","date_gmt":"2023-09-17T09:00:45","guid":{"rendered":"https:\/\/polskamisja.fr\/?p=1253"},"modified":"2023-09-17T11:01:14","modified_gmt":"2023-09-17T09:01:14","slug":"ogloszenia-17-09-2023","status":"publish","type":"post","link":"https:\/\/polskamisja.fr\/index.php\/2023\/09\/17\/ogloszenia-17-09-2023\/","title":{"rendered":"OG\u0141OSZENIA 17.09.2023"},"content":{"rendered":"\n<ol class=\"wp-block-list\"><li>Rozpocz\u0119cie roku katechetycznego dla wszystkich grup katechetycznych (najm\u0142odszych dzieci \/ przygotowuj\u0105cych si\u0119 do I Komunii \/ dzieci po I Komunii) oraz grupy m\u0142odzie\u017cowej b\u0119dzie w przysz\u0142\u0105 niedziel\u0119 (24 wrze\u015bnia) o godz. 15.00 na parkingu w drodze na Tiocan (En Molie, Rue du Reculet, 01710 Thoiry) &#8211; tam b\u0119dzie piknik oraz czas integracyjny.<br>Gdyby kto\u015b\u00a0chcia\u0142 pom\u00f3c w organizacji &#8211; prosz\u0119 o kontakt.<br>Prosz\u0119, aby rodzic dzieci maj\u0105cych mniej ni\u017c 7 lat zosta\u0142 z dzieckiem na pikniku.<br>Zako\u0144czenie o godz. 17.15, tak aby\u015bmy spokojnie zd\u0105\u017cyli na Msz\u0119 \u015awi\u0119t\u0105 o godz. 18.00 w Pouilly.<\/li><li>Zach\u0119cam w dalszym ci\u0105gu do zapis\u00f3w na katechez\u0119 i grup\u0119 m\u0142odzie\u017cow\u0105 u p. Iwony.<\/li><li>Dzi\u0119kuj\u0119 Wam za te 2 lata funkcjonowania naszej Wsp\u00f3lnoty Polskiej Misji Katolickiej w Saint Genis-Pouilly. Dzi\u0119kuj\u0119\u00a0Wam za Wasze otwarte serce, r\u0119ce gotowe do pomocy oraz z\u0142o\u017cone do modlitwy.<br>Pro\u015bmy Pana Boga, aby nasza wsp\u00f3lnota rozwija\u0142a si\u0119 zgodnie z Jego wol\u0105 i aby\u015bmy nie bali si\u0119 na Jego wz\u00f3r s\u0142u\u017cy\u0107; odkrywaj\u0105c, \u017ce Ko\u015bci\u00f3\u0142 nie jest tylko cz\u0119\u015bci\u0105 naszego \u017cycia \/ jaki\u015b dodatkiem, ale \u017ce Ko\u015bcio\u0142em jeste\u015bmy MY.<\/li><li>W naszej wsp\u00f3lnocie parafialnej b\u0119dziemy odkrywa\u0107 \u00ab\u00a0wizj\u0119 duszpastersk\u0105\u00a0\u00bb &#8211; to co w spos\u00f3b szczeg\u00f3lny jest nam dane przez Pana Boga i w jaki spos\u00f3b my mo\u017cemy ten dar realizowa\u0107.<br>Pomoc\u0105 pos\u0142u\u017cy nam o. Rafael &#8211; dominikanin, kt\u00f3ry 8 pa\u017adziernika b\u0119dzie go\u015bci\u0107 w naszej wsp\u00f3lnocie parafialnej i wyg\u0142osi S\u0142owo Bo\u017ce. Zach\u0119cam do modlitwy w intencji naszej mi\u0119dzynarodowej parafii.<br>8 pa\u017adziernika od godz. 14.15 do 17.30 w St Genis b\u0119dzie spotkanie z o. Rafaelem w ramach pracy nad nasz\u0105 wizj\u0105 duszpastersk\u0105.<\/li><li>W tym tygodniu &#8211; w \u015brod\u0119 odb\u0119dzie si\u0119 Rada naszej Wsp\u00f3lnoty. Tak jak zawsze jest to spotkanie, na kt\u00f3re ka\u017cdy z Was jest zaproszony i ka\u017cdy mo\u017ce przyj\u015b\u0107. Rozpoczniemy o godz. 19.30 modlitw\u0105 w kaplicy w St Genis. Planowane zako\u0144czenie ok. godz. 22.30.<\/li><li>Zapraszamy do zapis\u00f3w i w\u0142\u0105czenia si\u0119 do grupy m\u0142odzie\u017cowej &#8211; pierwsze spotkanie w niedziel\u0119 &#8211; godz. 15.00 (w ramach pikniku)<\/li><li>W pi\u0105tek 29 wrze\u015bnia o godz. 20.00 do godz. 21.30 w St Genis b\u0119dzie spotkanie dla wszystkich, kt\u00f3rzy chc\u0105 w tym roku uczestniczy\u0107 w formacji biblijnej &#8211; poprzez spotkania biblijne w grupie oraz przez tr\u00f3jki wzrastania (tzn. ma\u0142e 3-osobowe grupy, kt\u00f3re spotykaj\u0105 si\u0119 raz w miesi\u0105cu w dniu, wybranym przez siebie, aby wsp\u00f3lnie rozwa\u017ca\u0107 S\u0142owo Bo\u017ce) &#8211; w ubieg\u0142ym roku w uczestnicznli\u015bmy w tej formacji i mo\u017cecie zapyta\u0107 si\u0119\u00a0uczestnik\u00f3w &#8211; to przynosi owoce i umo\u017cliwia nam wzrost.\u00a0<\/li><li>Chcieli\u015bmy si\u0119 podzieli\u0107 radosn\u0105 wiadomo\u015bci\u0105, i\u017c w tym roku nasz wsp\u00f3lnotowy ch\u00f3r poprowadzi Hubert Kowalski. Planujemy zorganizowa\u0107 cztery weekendy warsztatowe dla wszystkich cz\u0142onk\u00f3w ch\u00f3ru. Pierwszy taki roboczy weekend odb\u0119dzie si\u0119 w dniach od 13 do 15 pa\u017adziernika. W mi\u0119dzyczasie planujemy spotyka\u0107 si\u0119 na pr\u00f3bach ch\u00f3ru w trybie dwutygodniowym. Pierwsza pr\u00f3ba odb\u0119dzie si\u0119 w najbli\u017cszy czwartek 21 wrze\u015bnia w sali parafialnej w Sergy o godz. 19.30. Osoby, kt\u00f3re nie s\u0105 jeszcze w ch\u00f3rze a s\u0105 zainteresowane \u015bpiewem i warsztatami, prosimy o kontakt z Sylwi\u0105, Ani\u0105, Piotrem.<\/li><li>Jak wiecie pragnienie, kt\u00f3re B\u00f3g z\u0142o\u017cy\u0142 w moim sercu, jest by\u0107 misjonarzem w Afryce. B\u0119d\u0119 w St Genis do ko\u0144ca sierpnia 2024 roku, a nast\u0119pnie 18 wrze\u015bnia w Mielcu odb\u0119dzie si\u0119 pos\u0142anie misyjne, abym w pa\u017adzierniku m\u00f3g\u0142 zacz\u0105\u0107 s\u0142u\u017cb\u0119 w Republice \u015arodkowoafryka\u0144skiej.<br>Prosz\u0119\u00a0Was ju\u017c teraz o modlitw\u0119\u00a0i je\u015bli kto\u015b da\u0142by rad\u0119 to zapraszam na uroczysto\u015b\u0107 pos\u0142ania misyjnego.<\/li><\/ol>\n","protected":false},"excerpt":{"rendered":"<p>Rozpocz\u0119cie roku katechetycznego dla wszystkich grup katechetycznych (najm\u0142odszych dzieci \/ przygotowuj\u0105cych si\u0119 do I Komunii \/ dzieci po I Komunii) oraz grupy m\u0142odzie\u017cowej b\u0119dzie w przysz\u0142\u0105 niedziel\u0119 (24 wrze\u015bnia) o &hellip; <\/p>\n<p class=\"link-more\"><a href=\"https:\/\/polskamisja.fr\/index.php\/2023\/09\/17\/ogloszenia-17-09-2023\/\" class=\"more-link\">Czytaj dalej<span class=\"screen-reader-text\"> \u201eOG\u0141OSZENIA 17.09.2023\u201d<\/span><\/a><\/p>\n","protected":false},"author":5,"featured_media":0,"comment_status":"open","ping_status":"open","sticky":false,"template":"","format":"standard","meta":{"footnotes":""},"categories":[1],"tags":[],"class_list":["post-1253","post","type-post","status-publish","format-standard","hentry","category-uncategorized"],"_links":{"self":[{"href":"https:\/\/polskamisja.fr\/index.php\/wp-json\/wp\/v2\/posts\/1253","targetHints":{"allow":["GET"]}}],"collection":[{"href":"https:\/\/polskamisja.fr\/index.php\/wp-json\/wp\/v2\/posts"}],"about":[{"href":"https:\/\/polskamisja.fr\/index.php\/wp-json\/wp\/v2\/types\/post"}],"author":[{"embeddable":true,"href":"https:\/\/polskamisja.fr\/index.php\/wp-json\/wp\/v2\/users\/5"}],"replies":[{"embeddable":true,"href":"https:\/\/polskamisja.fr\/index.php\/wp-json\/wp\/v2\/comments?post=1253"}],"version-history":[{"count":3,"href":"https:\/\/polskamisja.fr\/index.php\/wp-json\/wp\/v2\/posts\/1253\/revisions"}],"predecessor-version":[{"id":1256,"href":"https:\/\/polskamisja.fr\/index.php\/wp-json\/wp\/v2\/posts\/1253\/revisions\/1256"}],"wp:attachment":[{"href":"https:\/\/polskamisja.fr\/index.php\/wp-json\/wp\/v2\/media?parent=1253"}],"wp:term":[{"taxonomy":"category","embeddable":true,"href":"https:\/\/polskamisja.fr\/index.php\/wp-json\/wp\/v2\/categories?post=1253"},{"taxonomy":"post_tag","embeddable":true,"href":"https:\/\/polskamisja.fr\/index.php\/wp-json\/wp\/v2\/tags?post=1253"}],"curies":[{"name":"wp","href":"https:\/\/api.w.org\/{rel}","templated":true}]}}