{"id":1249,"date":"2023-09-10T16:30:37","date_gmt":"2023-09-10T14:30:37","guid":{"rendered":"https:\/\/polskamisja.fr\/?p=1249"},"modified":"2023-09-10T16:49:12","modified_gmt":"2023-09-10T14:49:12","slug":"ogloszenia-10-09-2023","status":"publish","type":"post","link":"https:\/\/polskamisja.fr\/index.php\/2023\/09\/10\/ogloszenia-10-09-2023\/","title":{"rendered":"OG\u0141OSZENIA 10.09.2023"},"content":{"rendered":"\n<ol class=\"wp-block-list\"><li>Msze \u015awi\u0119te w j. polskim b\u0119d\u0105 od wrze\u015bnia do czerwca w ko\u015bciele w Pouilly, tak jak zawsze o godz. 18.00.<\/li><li>Za tydzie\u0144 w niedziel\u0119 (17 wrze\u015bnia) o godz. 11.45 (bezpo\u015brednio po Mszy \u015awi\u0119tej o godz. 10.30) czas wsp\u00f3lnotowy Liturgicznej S\u0142u\u017cby O\u0142tarza dla wsp\u00f3lnoty francuskiej i polskiej. Serdecznie zapraszamy wszystkich ministrant\u00f3w i lektor\u00f3w. <br>W programie:<br><em>10.30 Msza \u015awi\u0119ta w Ko\u015bciele w Pouilly<br>11.45 spacer do Notre Dame des Marais, a tam: wsp\u00f3lna modlitwa i \u015bpiew, piknik (prosz\u0119 zabra\u0107 ze sob\u0105)<br>14.30 przej\u015bcie do ko\u015bcio\u0142a w Pouilly oraz spotkanie formacyjne<br>15.30 zako\u0144czenie <\/em><br>W razie opad\u00f3w deszczu, prosz\u0119\u00a0o kontakt, a spotkanie zostanie prawdopodobnie przeniesione do salki duszpasterskiej w St Genis.<br>To tak\u017ce dobra okazja dla wszystkich dzieci i m\u0142odzie\u017cy, aby rozpocz\u0105\u0107 s\u0142u\u017cb\u0119 przy o\u0142tarzu &#8211; wszystkich ch\u0119tnych prosz\u0119 o kontakt.<\/li><li>Tak\u017ce w przysz\u0142\u0105 niedziel\u0119 po Mszy \u015awi\u0119tej, jak co roku, b\u0119dziemy go\u015bci\u0107 Siostry z Bia\u0142orusi, kt\u00f3re b\u0119d\u0105 sprzedawa\u0107 ikony i inne dewocjonalia. Kupuj\u0105c te przedmioty mo\u017cemy wesprze\u0107 dzieci mieszkaj\u0105ce w sieroci\u0144cu prowadzonym przez Siostry.<\/li><li>W przysz\u0142\u0105 niedziel\u0119 po Mszy \u015awi\u0119tej, przed ko\u015bcio\u0142em odb\u0119dzie si\u0119 nasze spotkanie integracyjne. B\u0119dzie to okazja, aby wsp\u00f3lnie cieszy\u0107 si\u0119 dwoma latami funkcjonowania Polskiej Misji Katolickiej w Saint Genis-Pouilly. Zach\u0119camy do zadbania o pocz\u0119stunek.<\/li><li>Rozpoczynamy zapisy na katechez\u0119. Pani Iwona po Mszy \u015awi\u0119tej b\u0119dzie czeka\u0142a i mo\u017cna do niej podej\u015b\u0107, aby zapisa\u0107 dzieci \/ m\u0142odzie\u017c na katechez\u0119 oraz grupy m\u0142odzie\u017cowej.<br>A pierwsze spotkanie odb\u0119dzie si\u0119 24 wrze\u015bnia, w niedziel\u0119\u00a0o godz. 15.00 &#8211; b\u0119dzie to ognisko dla wszystkich grup katechetycznych oraz grupy m\u0142odzie\u017cowej.<br>Program katechezy i wszystkie informacje s\u0105 na naszej stronie internetowej <em><span style=\"text-decoration: underline;\">polskamisja.fr<\/span><\/em><\/li><li>Je\u015bli kto\u015b z Was korzysta z komunikatora &#8222;signal&#8221; to mamy tam utworzon\u0105 nasz\u0105 grup\u0119 parafialn\u0105, gdzie pojawiaj\u0105 si\u0119 czasem informacj\u0119 lub mo\u017cna spokojnie postawi\u0107 pytania odno\u015bnie organizacji. Gdyby kto\u015b chcia\u0142, aby go doda\u0107 do tej grupy to prosz\u0119 o kontakt.<\/li><li>Serdecznie zapraszamy m\u0142odzie\u017c i dzieci lubi\u0105ce \u015bpiewa\u0107, maj\u0105ce zdolno\u015bci aktorskie lub graj\u0105ce na instrumentach do udzia\u0142u w spotkaniach grupy muzyczno-teatralnej, kt\u00f3re b\u0119d\u0105 mia\u0142y miejsce w ka\u017cd\u0105 sobot\u0119 przed niedziel\u0105 katechetyczn\u0105 w godz. 9.00-11.00 w salce siostry Emmanuelle w St. Genis (8 rue du Bordeau). Na spotkaniach b\u0119dziemy uczy\u0107 \u015bpiewu w dwug\u0142osie i opracowywa\u0107 pie\u015bni wykorzystywane p\u00f3\u017aniej na Mszy Rodzinnej &#8211; tj. w niedziel\u0119\u00a0katechetyczn\u0105. W ramach tej grupy b\u0119dziemy tak\u017ce przygotowywa\u0107 inscenizacje, a nast\u0119pnie wystawia\u0107 je podczas uroczysto\u015bci. Zapisy u Sylwii K. lub Moniki B. Mo\u017cna tak\u017ce przyj\u015b\u0107 na pierwsz\u0105 pr\u00f3b\u0119 30 wrze\u015bnia i zdecydowa\u0107 o zapisie. Serdecznie zapraszamy!<\/li><li>20 wrze\u015bnia, w \u015brod\u0119 o godz. 19.30 rozpocznie si\u0119 spotkanie rady Wsp\u00f3lnoty PMK. Serdecznie zapraszam.<br><\/li><\/ol>\n","protected":false},"excerpt":{"rendered":"<p>Msze \u015awi\u0119te w j. polskim b\u0119d\u0105 od wrze\u015bnia do czerwca w ko\u015bciele w Pouilly, tak jak zawsze o godz. 18.00. Za tydzie\u0144 w niedziel\u0119 (17 wrze\u015bnia) o godz. 11.45 (bezpo\u015brednio &hellip; <\/p>\n<p class=\"link-more\"><a href=\"https:\/\/polskamisja.fr\/index.php\/2023\/09\/10\/ogloszenia-10-09-2023\/\" class=\"more-link\">Czytaj dalej<span class=\"screen-reader-text\"> \u201eOG\u0141OSZENIA 10.09.2023\u201d<\/span><\/a><\/p>\n","protected":false},"author":5,"featured_media":0,"comment_status":"open","ping_status":"open","sticky":false,"template":"","format":"standard","meta":{"footnotes":""},"categories":[1],"tags":[],"class_list":["post-1249","post","type-post","status-publish","format-standard","hentry","category-uncategorized"],"_links":{"self":[{"href":"https:\/\/polskamisja.fr\/index.php\/wp-json\/wp\/v2\/posts\/1249","targetHints":{"allow":["GET"]}}],"collection":[{"href":"https:\/\/polskamisja.fr\/index.php\/wp-json\/wp\/v2\/posts"}],"about":[{"href":"https:\/\/polskamisja.fr\/index.php\/wp-json\/wp\/v2\/types\/post"}],"author":[{"embeddable":true,"href":"https:\/\/polskamisja.fr\/index.php\/wp-json\/wp\/v2\/users\/5"}],"replies":[{"embeddable":true,"href":"https:\/\/polskamisja.fr\/index.php\/wp-json\/wp\/v2\/comments?post=1249"}],"version-history":[{"count":2,"href":"https:\/\/polskamisja.fr\/index.php\/wp-json\/wp\/v2\/posts\/1249\/revisions"}],"predecessor-version":[{"id":1251,"href":"https:\/\/polskamisja.fr\/index.php\/wp-json\/wp\/v2\/posts\/1249\/revisions\/1251"}],"wp:attachment":[{"href":"https:\/\/polskamisja.fr\/index.php\/wp-json\/wp\/v2\/media?parent=1249"}],"wp:term":[{"taxonomy":"category","embeddable":true,"href":"https:\/\/polskamisja.fr\/index.php\/wp-json\/wp\/v2\/categories?post=1249"},{"taxonomy":"post_tag","embeddable":true,"href":"https:\/\/polskamisja.fr\/index.php\/wp-json\/wp\/v2\/tags?post=1249"}],"curies":[{"name":"wp","href":"https:\/\/api.w.org\/{rel}","templated":true}]}}