{"id":1229,"date":"2023-08-30T14:34:38","date_gmt":"2023-08-30T12:34:38","guid":{"rendered":"https:\/\/polskamisja.fr\/?p=1229"},"modified":"2023-08-30T14:34:38","modified_gmt":"2023-08-30T12:34:38","slug":"ogloszenie-27-08-2023","status":"publish","type":"post","link":"https:\/\/polskamisja.fr\/index.php\/2023\/08\/30\/ogloszenie-27-08-2023\/","title":{"rendered":"OG\u0141OSZENIE 27.08.2023"},"content":{"rendered":"\n<ol class=\"wp-block-list\"><li>W tym tygodniu Pierwszy Pi\u0105tek Miesi\u0105ca &#8211; tak jak zawsze spowied\u017a \u015bwi\u0119ta od godz. 19.00 w kaplicy w St Genis, o 20.00 Msza \u015awi\u0119ta, a po niej Adoracja Eucharystyczna.<\/li><li>W niedziel\u0119 &#8211; 3 wrze\u015bnia &#8211; Msza \u015awi\u0119ta o godz. 10.30 na rozpocz\u0119cie roku duszpasterskiego w naszej parafii (w tym dniu nie b\u0119dzie ju\u017c Mszy \u015awi\u0119tej w j\u0119zyku polskim). Podczas Mszy \u015awi\u0119tej b\u0119dzie b\u0142ogos\u0142awie\u0144stwo tornistr\u00f3w \/ plecak\u00f3w szkolnych. <br>Po Mszy \u015awi\u0119tej piknik.  <br>Prosz\u0119, aby Liturgiczna S\u0142u\u017cba O\u0142tarza przysz\u0142a na pr\u00f3b\u0119 na godz. 10.00.<\/li><li>Dzi\u015b w liturgii wspominamy \u015bw. Monik\u0119 &#8211; patronk\u0119 naszej R\u00f3\u017cy R\u00f3\u017ca\u0144cowej rodzic\u00f3w modl\u0105cych si\u0119 za swoje dzieci. Niech \u015bwi\u0119ta patronka wyprasza rodzinom naszej parafii mn\u00f3stwo \u0142ask Bo\u017cych.<\/li><li>Daty katechez pojawi\u0105 si\u0119 w \u015brod\u0119 na naszej stronie internetowej.<\/li><li>W sobot\u0119 Dzie\u0144 Diecezjalny w Ars &#8211; serdecznie zapraszamy!<br>W programie:<br><em>9h30\u00a0: Accueil des fid\u00e8les la\u00efcs au foyer sacerdotal Saint Jean-Marie Vianney\u00a0<\/em><br><em>10h00\u00a0: \u00ab\u00a0Evang\u00e9lisation et cat\u00e9chum\u00e9nat\u00a0\u00bb, par M<sup>gr<\/sup>\u00a0Pascal ROLAND (amphith\u00e9\u00e2tre du Foyer sacerdotal)<br>11h00\u00a0: Groupe de partage et de r\u00e9flexion pour chacun des 10 doyenn\u00e9s (anim\u00e9s par les doyens)<br>12h30\u00a0: Repas tir\u00e9 du sac<br>14h30\u00a0: \u00ab\u00a0L\u2019annonce du k\u00e9rigme\u00a0\u00bb par M<sup>gr<\/sup>\u00a0Olivier de Germay<br>16h00\u00a0: Messe<br>17h00\u00a0: Envoi<\/em><\/li><\/ol>\n","protected":false},"excerpt":{"rendered":"<p>W tym tygodniu Pierwszy Pi\u0105tek Miesi\u0105ca &#8211; tak jak zawsze spowied\u017a \u015bwi\u0119ta od godz. 19.00 w kaplicy w St Genis, o 20.00 Msza \u015awi\u0119ta, a po niej Adoracja Eucharystyczna. W &hellip; <\/p>\n<p class=\"link-more\"><a href=\"https:\/\/polskamisja.fr\/index.php\/2023\/08\/30\/ogloszenie-27-08-2023\/\" class=\"more-link\">Czytaj dalej<span class=\"screen-reader-text\"> \u201eOG\u0141OSZENIE 27.08.2023\u201d<\/span><\/a><\/p>\n","protected":false},"author":5,"featured_media":0,"comment_status":"open","ping_status":"open","sticky":false,"template":"","format":"standard","meta":{"footnotes":""},"categories":[1],"tags":[],"class_list":["post-1229","post","type-post","status-publish","format-standard","hentry","category-uncategorized"],"_links":{"self":[{"href":"https:\/\/polskamisja.fr\/index.php\/wp-json\/wp\/v2\/posts\/1229","targetHints":{"allow":["GET"]}}],"collection":[{"href":"https:\/\/polskamisja.fr\/index.php\/wp-json\/wp\/v2\/posts"}],"about":[{"href":"https:\/\/polskamisja.fr\/index.php\/wp-json\/wp\/v2\/types\/post"}],"author":[{"embeddable":true,"href":"https:\/\/polskamisja.fr\/index.php\/wp-json\/wp\/v2\/users\/5"}],"replies":[{"embeddable":true,"href":"https:\/\/polskamisja.fr\/index.php\/wp-json\/wp\/v2\/comments?post=1229"}],"version-history":[{"count":1,"href":"https:\/\/polskamisja.fr\/index.php\/wp-json\/wp\/v2\/posts\/1229\/revisions"}],"predecessor-version":[{"id":1230,"href":"https:\/\/polskamisja.fr\/index.php\/wp-json\/wp\/v2\/posts\/1229\/revisions\/1230"}],"wp:attachment":[{"href":"https:\/\/polskamisja.fr\/index.php\/wp-json\/wp\/v2\/media?parent=1229"}],"wp:term":[{"taxonomy":"category","embeddable":true,"href":"https:\/\/polskamisja.fr\/index.php\/wp-json\/wp\/v2\/categories?post=1229"},{"taxonomy":"post_tag","embeddable":true,"href":"https:\/\/polskamisja.fr\/index.php\/wp-json\/wp\/v2\/tags?post=1229"}],"curies":[{"name":"wp","href":"https:\/\/api.w.org\/{rel}","templated":true}]}}