{"id":1226,"date":"2023-08-20T23:10:59","date_gmt":"2023-08-20T21:10:59","guid":{"rendered":"https:\/\/polskamisja.fr\/?p=1226"},"modified":"2023-08-20T23:10:59","modified_gmt":"2023-08-20T21:10:59","slug":"ogloszenia-20-08-2023","status":"publish","type":"post","link":"https:\/\/polskamisja.fr\/index.php\/2023\/08\/20\/ogloszenia-20-08-2023\/","title":{"rendered":"OG\u0141OSZENIA 20.08.2023"},"content":{"rendered":"\n<ol class=\"wp-block-list\"><li>Za dwa tygodnie w niedziel\u0119 b\u0119dzie Msza \u015awi\u0119ta Mi\u0119dzynarodowa na rozpocz\u0119cie roku duszpasterskiego o godz. 10.30 na parkingu przed kaplic\u0105, w tym dniu nie b\u0119dzie Mszy \u015awi\u0119tej w j. polskim.<\/li><li>Jutro wraz z grup\u0105 45 polak\u00f3w wyruszamy na pielgrzymk\u0119 rowerow\u0105 z Nicei do \u015bw. J\u00f3zefa do Cotignac. Je\u015bli kto\u015b chcia\u0142by powierzy\u0107 intencje modlitewne to prosz\u0119 o kontakt.<br>W sobot\u0119 b\u0119dziemy w St Genis z grup\u0105 pielgrzym\u00f3w &#8211; je\u015bli kto\u015b chcia\u0142by pom\u00f3c w przygotowaniu pocz\u0119stunku to prosz\u0119\u00a0o kontakt. <br>Tak\u017ce w sobotni wiecz\u00f3r b\u0119dzie dodatkowa Msza \u015awi\u0119ta z pielgrzymami, jeszcze nie wiadomo, o kt\u00f3rej godzinie &#8211; zainteresowanych prosz\u0119\u00a0o kontakt.<\/li><\/ol>\n","protected":false},"excerpt":{"rendered":"<p>Za dwa tygodnie w niedziel\u0119 b\u0119dzie Msza \u015awi\u0119ta Mi\u0119dzynarodowa na rozpocz\u0119cie roku duszpasterskiego o godz. 10.30 na parkingu przed kaplic\u0105, w tym dniu nie b\u0119dzie Mszy \u015awi\u0119tej w j. polskim. &hellip; <\/p>\n<p class=\"link-more\"><a href=\"https:\/\/polskamisja.fr\/index.php\/2023\/08\/20\/ogloszenia-20-08-2023\/\" class=\"more-link\">Czytaj dalej<span class=\"screen-reader-text\"> \u201eOG\u0141OSZENIA 20.08.2023\u201d<\/span><\/a><\/p>\n","protected":false},"author":5,"featured_media":0,"comment_status":"open","ping_status":"open","sticky":false,"template":"","format":"standard","meta":{"footnotes":""},"categories":[1],"tags":[],"class_list":["post-1226","post","type-post","status-publish","format-standard","hentry","category-uncategorized"],"_links":{"self":[{"href":"https:\/\/polskamisja.fr\/index.php\/wp-json\/wp\/v2\/posts\/1226","targetHints":{"allow":["GET"]}}],"collection":[{"href":"https:\/\/polskamisja.fr\/index.php\/wp-json\/wp\/v2\/posts"}],"about":[{"href":"https:\/\/polskamisja.fr\/index.php\/wp-json\/wp\/v2\/types\/post"}],"author":[{"embeddable":true,"href":"https:\/\/polskamisja.fr\/index.php\/wp-json\/wp\/v2\/users\/5"}],"replies":[{"embeddable":true,"href":"https:\/\/polskamisja.fr\/index.php\/wp-json\/wp\/v2\/comments?post=1226"}],"version-history":[{"count":1,"href":"https:\/\/polskamisja.fr\/index.php\/wp-json\/wp\/v2\/posts\/1226\/revisions"}],"predecessor-version":[{"id":1227,"href":"https:\/\/polskamisja.fr\/index.php\/wp-json\/wp\/v2\/posts\/1226\/revisions\/1227"}],"wp:attachment":[{"href":"https:\/\/polskamisja.fr\/index.php\/wp-json\/wp\/v2\/media?parent=1226"}],"wp:term":[{"taxonomy":"category","embeddable":true,"href":"https:\/\/polskamisja.fr\/index.php\/wp-json\/wp\/v2\/categories?post=1226"},{"taxonomy":"post_tag","embeddable":true,"href":"https:\/\/polskamisja.fr\/index.php\/wp-json\/wp\/v2\/tags?post=1226"}],"curies":[{"name":"wp","href":"https:\/\/api.w.org\/{rel}","templated":true}]}}