{"id":1223,"date":"2023-07-31T11:50:39","date_gmt":"2023-07-31T09:50:39","guid":{"rendered":"https:\/\/polskamisja.fr\/?p=1223"},"modified":"2023-07-31T11:51:11","modified_gmt":"2023-07-31T09:51:11","slug":"ogloszenia-30-07-2023","status":"publish","type":"post","link":"https:\/\/polskamisja.fr\/index.php\/2023\/07\/31\/ogloszenia-30-07-2023\/","title":{"rendered":"OG\u0141OSZENIA 30.07.2023"},"content":{"rendered":"\n<ol class=\"wp-block-list\"><li>Bezpo\u015brednio po Mszy \u015awi\u0119tej b\u0119dzie b\u0142ogos\u0142awie\u0144stwo pojazd\u00f3w z racji \u015bwi\u0119ta \u015bw. Krzysztofa.<\/li><li>W tym tygodniu Pierwszy Pi\u0105tek Miesi\u0105ca. Spowied\u017a od godz. 19.00 w kaplicy w St Genis, o 20.00 Msza \u015awi\u0119ta a po niej Adoracja.<\/li><li>W pi\u0105tek (4 sierpnia) odpust ku czci \u015bw. Jana Marii Vianney&#8217;a w Ars. Msza \u015awi\u0119ta o godz. 10.00. <\/li><li><strong>W lipcu i sierpniu Msze \u015awi\u0119tej w j\u0119zyku polskim b\u0119d\u0105 w kaplicy w St Genis-Pouilly \u2013 8 Rue du Bordeau, tak jak zawsze w niedziel\u0119 o godz. 18.00.<\/strong><\/li><\/ol>\n","protected":false},"excerpt":{"rendered":"<p>Bezpo\u015brednio po Mszy \u015awi\u0119tej b\u0119dzie b\u0142ogos\u0142awie\u0144stwo pojazd\u00f3w z racji \u015bwi\u0119ta \u015bw. Krzysztofa. W tym tygodniu Pierwszy Pi\u0105tek Miesi\u0105ca. Spowied\u017a od godz. 19.00 w kaplicy w St Genis, o 20.00 Msza &hellip; <\/p>\n<p class=\"link-more\"><a href=\"https:\/\/polskamisja.fr\/index.php\/2023\/07\/31\/ogloszenia-30-07-2023\/\" class=\"more-link\">Czytaj dalej<span class=\"screen-reader-text\"> \u201eOG\u0141OSZENIA 30.07.2023\u201d<\/span><\/a><\/p>\n","protected":false},"author":5,"featured_media":0,"comment_status":"open","ping_status":"open","sticky":false,"template":"","format":"standard","meta":{"footnotes":""},"categories":[1],"tags":[],"class_list":["post-1223","post","type-post","status-publish","format-standard","hentry","category-uncategorized"],"_links":{"self":[{"href":"https:\/\/polskamisja.fr\/index.php\/wp-json\/wp\/v2\/posts\/1223","targetHints":{"allow":["GET"]}}],"collection":[{"href":"https:\/\/polskamisja.fr\/index.php\/wp-json\/wp\/v2\/posts"}],"about":[{"href":"https:\/\/polskamisja.fr\/index.php\/wp-json\/wp\/v2\/types\/post"}],"author":[{"embeddable":true,"href":"https:\/\/polskamisja.fr\/index.php\/wp-json\/wp\/v2\/users\/5"}],"replies":[{"embeddable":true,"href":"https:\/\/polskamisja.fr\/index.php\/wp-json\/wp\/v2\/comments?post=1223"}],"version-history":[{"count":2,"href":"https:\/\/polskamisja.fr\/index.php\/wp-json\/wp\/v2\/posts\/1223\/revisions"}],"predecessor-version":[{"id":1225,"href":"https:\/\/polskamisja.fr\/index.php\/wp-json\/wp\/v2\/posts\/1223\/revisions\/1225"}],"wp:attachment":[{"href":"https:\/\/polskamisja.fr\/index.php\/wp-json\/wp\/v2\/media?parent=1223"}],"wp:term":[{"taxonomy":"category","embeddable":true,"href":"https:\/\/polskamisja.fr\/index.php\/wp-json\/wp\/v2\/categories?post=1223"},{"taxonomy":"post_tag","embeddable":true,"href":"https:\/\/polskamisja.fr\/index.php\/wp-json\/wp\/v2\/tags?post=1223"}],"curies":[{"name":"wp","href":"https:\/\/api.w.org\/{rel}","templated":true}]}}