{"id":1217,"date":"2023-07-03T10:07:02","date_gmt":"2023-07-03T08:07:02","guid":{"rendered":"https:\/\/polskamisja.fr\/?p=1217"},"modified":"2023-07-03T10:27:08","modified_gmt":"2023-07-03T08:27:08","slug":"ogloszenia-2-07-2023","status":"publish","type":"post","link":"https:\/\/polskamisja.fr\/index.php\/2023\/07\/03\/ogloszenia-2-07-2023\/","title":{"rendered":"OG\u0141OSZENIA 2.07.2023"},"content":{"rendered":"\n<ol class=\"wp-block-list\"><li><strong>W lipcu i sierpniu Msze \u015awi\u0119tej w j\u0119zyku polskim b\u0119d\u0105 w kaplicy w St Genis-Pouilly &#8211; 8 Rue du Bordeau, tak jak zawsze w niedziel\u0119 o godz. 18.00.<\/strong><\/li><li>W poniedzia\u0142ek (3 lipca) o godz. 19.30 w ko\u015bciele w Pouilly odb\u0119dzie si\u0119 koncert muzyki klasycznej \u00ab Lutetia Trombone Quartet \u00ab.<\/li><li>W \u015brod\u0119 o godz. 19.30 w kaplicy w St Genis rozpoczniemy spotkanie naszej rady wsp\u00f3lnotowej, na kt\u00f3re wszystkich serdecznie zapraszamy!<\/li><li>W tym tygodniu Pierwszy Pi\u0105tek Miesi\u0105ca &#8211; od godz. 19.00 spowied\u017a \u015bwi\u0119ta, o 20.00 Msza a po niej Adoracja Naj\u015bwi\u0119tszego Sakramentu.<\/li><li>W ko\u015bciele w Ferney-Voltaire w dniach 4-9 lipca b\u0119d\u0105\u00a0relikwie \u015bw. Teresy od Dzieci\u0105tka Jezus &#8211; patronki misji. Zach\u0119cam do modlitwy za jej wstawiennictwem.<\/li><li>Wszystkim korzystaj\u0105cym z wakacji \u017cycz\u0119 dobrego czasu wypoczynku!<\/li><\/ol>\n","protected":false},"excerpt":{"rendered":"<p>W lipcu i sierpniu Msze \u015awi\u0119tej w j\u0119zyku polskim b\u0119d\u0105 w kaplicy w St Genis-Pouilly &#8211; 8 Rue du Bordeau, tak jak zawsze w niedziel\u0119 o godz. 18.00. W poniedzia\u0142ek &hellip; <\/p>\n<p class=\"link-more\"><a href=\"https:\/\/polskamisja.fr\/index.php\/2023\/07\/03\/ogloszenia-2-07-2023\/\" class=\"more-link\">Czytaj dalej<span class=\"screen-reader-text\"> \u201eOG\u0141OSZENIA 2.07.2023\u201d<\/span><\/a><\/p>\n","protected":false},"author":5,"featured_media":0,"comment_status":"open","ping_status":"open","sticky":false,"template":"","format":"standard","meta":{"footnotes":""},"categories":[1],"tags":[],"class_list":["post-1217","post","type-post","status-publish","format-standard","hentry","category-uncategorized"],"_links":{"self":[{"href":"https:\/\/polskamisja.fr\/index.php\/wp-json\/wp\/v2\/posts\/1217","targetHints":{"allow":["GET"]}}],"collection":[{"href":"https:\/\/polskamisja.fr\/index.php\/wp-json\/wp\/v2\/posts"}],"about":[{"href":"https:\/\/polskamisja.fr\/index.php\/wp-json\/wp\/v2\/types\/post"}],"author":[{"embeddable":true,"href":"https:\/\/polskamisja.fr\/index.php\/wp-json\/wp\/v2\/users\/5"}],"replies":[{"embeddable":true,"href":"https:\/\/polskamisja.fr\/index.php\/wp-json\/wp\/v2\/comments?post=1217"}],"version-history":[{"count":4,"href":"https:\/\/polskamisja.fr\/index.php\/wp-json\/wp\/v2\/posts\/1217\/revisions"}],"predecessor-version":[{"id":1221,"href":"https:\/\/polskamisja.fr\/index.php\/wp-json\/wp\/v2\/posts\/1217\/revisions\/1221"}],"wp:attachment":[{"href":"https:\/\/polskamisja.fr\/index.php\/wp-json\/wp\/v2\/media?parent=1217"}],"wp:term":[{"taxonomy":"category","embeddable":true,"href":"https:\/\/polskamisja.fr\/index.php\/wp-json\/wp\/v2\/categories?post=1217"},{"taxonomy":"post_tag","embeddable":true,"href":"https:\/\/polskamisja.fr\/index.php\/wp-json\/wp\/v2\/tags?post=1217"}],"curies":[{"name":"wp","href":"https:\/\/api.w.org\/{rel}","templated":true}]}}