{"id":1187,"date":"2023-05-28T20:40:40","date_gmt":"2023-05-28T18:40:40","guid":{"rendered":"https:\/\/polskamisja.fr\/?p=1187"},"modified":"2023-05-28T20:40:40","modified_gmt":"2023-05-28T18:40:40","slug":"ogloszenia-28-05-2023","status":"publish","type":"post","link":"https:\/\/polskamisja.fr\/index.php\/2023\/05\/28\/ogloszenia-28-05-2023\/","title":{"rendered":"OG\u0141OSZENIA 28.05.2023"},"content":{"rendered":"\n<ol class=\"wp-block-list\"><li>Jutro o godz. 11.00 w kaplicy Riantmont b\u0119dzie Msza \u015awi\u0119ta dla ca\u0142ego naszego dekanatu, a po niej czas na piknik. O godz. 10.15 z Vesancy wyruszy pielgrzymka piesza do tej\u017ce kaplicy.&nbsp; Zapraszamy!&nbsp;<\/li><li>W tym tygodniu Pierwszy Pi\u0105tek Miesi\u0105ca. Spowied\u017a \u015awi\u0119ta od 19.00 w kaplicy w St Genis (zach\u0119cam do skorzystania z sakramentu pokuty przed przyj\u0119ciem sakramentu bierzmowania). O 20.00 Msza \u015awi\u0119ta a po niej kr\u00f3tka Adoracja.<\/li><li>W sobot\u0119 bp. Pascal udzieli sakramentu bierzmowania Zuzi, Maji oraz Frankowi o godz. 18.00 w ko\u015bciele w Pouilly. Serdecznie zapraszam i prosz\u0119 tak\u017ce o modlitw\u0119 za nasz\u0105 m\u0142odzie\u017c.<\/li><li>Katecheza w niedziel\u0119&nbsp;o 15.45 w St Genis dla grupy pokomunijnej, dla najm\u0142odszych o 16.45.<br>Natomiast dla dzieci przygotowuj\u0105cych si\u0119 do I Komunii \u015awi\u0119tej o godz. 15.45 w ko\u015bciele w Pouilly pr\u00f3ba przed przyj\u0119ciem I Komunii.<\/li><li>Straci\u0142em telefon, dlatego prosz\u0119 o kontakt <a href=\"mailto:wwwojtek126@gmail.com\">wwwojtek126@gmail.com<\/a> lub pod nr +33 7 52 03 98 19.<\/li><\/ol>\n","protected":false},"excerpt":{"rendered":"<p>Jutro o godz. 11.00 w kaplicy Riantmont b\u0119dzie Msza \u015awi\u0119ta dla ca\u0142ego naszego dekanatu, a po niej czas na piknik. O godz. 10.15 z Vesancy wyruszy pielgrzymka piesza do tej\u017ce &hellip; <\/p>\n<p class=\"link-more\"><a href=\"https:\/\/polskamisja.fr\/index.php\/2023\/05\/28\/ogloszenia-28-05-2023\/\" class=\"more-link\">Czytaj dalej<span class=\"screen-reader-text\"> \u201eOG\u0141OSZENIA 28.05.2023\u201d<\/span><\/a><\/p>\n","protected":false},"author":5,"featured_media":0,"comment_status":"open","ping_status":"open","sticky":false,"template":"","format":"standard","meta":{"footnotes":""},"categories":[1],"tags":[],"class_list":["post-1187","post","type-post","status-publish","format-standard","hentry","category-uncategorized"],"_links":{"self":[{"href":"https:\/\/polskamisja.fr\/index.php\/wp-json\/wp\/v2\/posts\/1187","targetHints":{"allow":["GET"]}}],"collection":[{"href":"https:\/\/polskamisja.fr\/index.php\/wp-json\/wp\/v2\/posts"}],"about":[{"href":"https:\/\/polskamisja.fr\/index.php\/wp-json\/wp\/v2\/types\/post"}],"author":[{"embeddable":true,"href":"https:\/\/polskamisja.fr\/index.php\/wp-json\/wp\/v2\/users\/5"}],"replies":[{"embeddable":true,"href":"https:\/\/polskamisja.fr\/index.php\/wp-json\/wp\/v2\/comments?post=1187"}],"version-history":[{"count":1,"href":"https:\/\/polskamisja.fr\/index.php\/wp-json\/wp\/v2\/posts\/1187\/revisions"}],"predecessor-version":[{"id":1188,"href":"https:\/\/polskamisja.fr\/index.php\/wp-json\/wp\/v2\/posts\/1187\/revisions\/1188"}],"wp:attachment":[{"href":"https:\/\/polskamisja.fr\/index.php\/wp-json\/wp\/v2\/media?parent=1187"}],"wp:term":[{"taxonomy":"category","embeddable":true,"href":"https:\/\/polskamisja.fr\/index.php\/wp-json\/wp\/v2\/categories?post=1187"},{"taxonomy":"post_tag","embeddable":true,"href":"https:\/\/polskamisja.fr\/index.php\/wp-json\/wp\/v2\/tags?post=1187"}],"curies":[{"name":"wp","href":"https:\/\/api.w.org\/{rel}","templated":true}]}}