{"id":1171,"date":"2023-05-01T10:11:33","date_gmt":"2023-05-01T08:11:33","guid":{"rendered":"https:\/\/polskamisja.fr\/?p=1171"},"modified":"2023-05-01T10:14:17","modified_gmt":"2023-05-01T08:14:17","slug":"ogloszenia-30-04-2023","status":"publish","type":"post","link":"https:\/\/polskamisja.fr\/index.php\/2023\/05\/01\/ogloszenia-30-04-2023\/","title":{"rendered":"OG\u0141OSZENIA 30.04.2023"},"content":{"rendered":"\n<ol class=\"wp-block-list\"><li>W naszym ko\u015bciele przez 2-3 tygodnie b\u0119dzie wystawa po\u015bwi\u0119cona \u015awi\u0119tu Konstytucji 3 maja &#8211; dzi\u0119kuj\u0119 Marcinowi i Krzy\u015bkowi za organizacj\u0119 tego przedsi\u0119wzi\u0119cia i zach\u0119cam do skorzystania z ubogacaj\u0105cej prezentacji. Wszystko jest w j\u0119zyku polskim i francuskim, dlatego warto zaprosi\u0107 do zapoznania\u00a0 si\u0119 z tre\u015bci\u0105 tak\u017ce naszych francuskich znajomych.<\/li><li>W tym tygodniu Pierwszy Pi\u0105tek Miesi\u0105ca. Tak jak zawsze rozpoczniemy o godz. 19.00 w kaplicy w St Genis od spowiedzi \u015bwi\u0119tej, o godz. 20.00 Msza \u015awi\u0119ta, a potem kr\u00f3tka Adoracja ze \u015bpiewem uwielbienia. Serdecznie zapraszam.\u00a0<\/li><li>Przed nami tak\u017ce wielkie wydarzenie &#8211; ju\u017c w sobot\u0119 rozpoczynamy Warsztaty Muzyki Liturgicznej w naszej wsp\u00f3lnocie. Msza \u015awi\u0119ta na rozpocz\u0119cie Warsztat\u00f3w b\u0119dzie o godz. 8.30 w Ko\u015bciele w Sergy (35 Rte de Thoiry, 01630 Sergy). Dlatego te\u017c nie b\u0119dzie spowiedzi w j. polskim w sobot\u0119 w godz. 9.45-10.30 w kaplicy w St Genis. <br>Natomiast jako wsp\u00f3lnota b\u0119dziemy mogli cieszy\u0107 si\u0119 pi\u0119knem \u015bpiewu ch\u00f3ru z\u0142o\u017conego z prawie 100 os\u00f3b w niedziel\u0119\u00a0podczas uroczystej Mszy \u015awi\u0119tej o godz. 18.00, bezpo\u015brednio po Mszy \u015awi\u0119tej b\u0119dzie koncert fina\u0142owy &#8211; serdecznie zapraszamy do pozostania i uwielbienia Boga przez ws\u0142uchanie si\u0119\u00a0w pi\u0119kny \u015bpiew.<br>Gdyby kto\u015b\u00a0mia\u0142 mo\u017cliwo\u015b\u0107 przyj\u0105\u0107 dwie osoby (polak\u00f3w) przyje\u017cd\u017caj\u0105cych na Warsztaty z innych cz\u0119\u015bci Francji to prosz\u0119\u00a0o kontakt. <\/li><li>Za tydzie\u0144 I niedziela miesi\u0105ca &#8211; Msza \u015awi\u0119ta jak zawsze w naszych intencjach &#8211; wszystkich, kt\u00f3rzy pragn\u0105\u00a0przedstawi\u0107 swoje intencj\u0119 prosz\u0119 o wiadomo\u015b\u0107.<\/li><li>W dniach 8-14 maja w naszej wsp\u00f3lnocie parafialnej b\u0119dziemy przyjmowa\u0107 relikwie (serce) \u015bw. Jana Marii Vianney\u2019a &#8211; to czas ogromnej \u0142aski dla naszej wsp\u00f3lnoty &#8211; zach\u0119cam ju\u017c teraz do wygospodarowania sobie czasu, aby za wstawiennictwem Wielkiego \u015awi\u0119tego wyprasza\u0107 \u0142aski dla nas, naszych rodzin i ca\u0142ego \u015bwiata.<br>Wydarzenia szczeg\u00f3lnie wa\u017cne dla nas w tygodniu peregrynacji to:<br>&#8211; Msza \u015awi\u0119ta w j. polskim w poniedzia\u0142ek (8 maj w St Genis) o godz. 20.00<br>&#8211; czuwanie ze \u015bpiewami i rozwa\u017caniami w j\u0119zyku polskim i francuskim w \u015brod\u0119 (10 maj w St Genis) bezpo\u015brednio po Mszy \u015awi\u0119tej o godz. 18.30<br>&#8211; katecheza dla wszystkich grup katechetycznych w niedziel\u0119 (14 maj w ko\u015bciele w Pouilly) o godz. 16.30 (nie tak jak zwykle od 15.45 w St Genis, spotykamy si\u0119\u00a0o 16.30 w Pouilly)<\/li><\/ol>\n\n\n\n<div class=\"wp-block-image\"><figure class=\"alignleft size-large is-resized\"><img loading=\"lazy\" decoding=\"async\" src=\"https:\/\/polskamisja.fr\/wp-content\/uploads\/2023\/05\/1-724x1024.png\" alt=\"\" class=\"wp-image-1173\" width=\"322\" height=\"455\" srcset=\"https:\/\/polskamisja.fr\/wp-content\/uploads\/2023\/05\/1-724x1024.png 724w, https:\/\/polskamisja.fr\/wp-content\/uploads\/2023\/05\/1-212x300.png 212w, https:\/\/polskamisja.fr\/wp-content\/uploads\/2023\/05\/1-768x1086.png 768w, https:\/\/polskamisja.fr\/wp-content\/uploads\/2023\/05\/1-1086x1536.png 1086w, https:\/\/polskamisja.fr\/wp-content\/uploads\/2023\/05\/1-1448x2048.png 1448w, https:\/\/polskamisja.fr\/wp-content\/uploads\/2023\/05\/1.png 1587w\" sizes=\"auto, (max-width: 322px) 100vw, 322px\" \/><\/figure><\/div>\n\n\n\n<div class=\"wp-block-image\"><figure class=\"alignright size-large is-resized\"><img loading=\"lazy\" decoding=\"async\" src=\"https:\/\/polskamisja.fr\/wp-content\/uploads\/2023\/05\/2-724x1024.png\" alt=\"\" class=\"wp-image-1174\" width=\"319\" height=\"451\" srcset=\"https:\/\/polskamisja.fr\/wp-content\/uploads\/2023\/05\/2-724x1024.png 724w, https:\/\/polskamisja.fr\/wp-content\/uploads\/2023\/05\/2-212x300.png 212w, https:\/\/polskamisja.fr\/wp-content\/uploads\/2023\/05\/2-768x1086.png 768w, https:\/\/polskamisja.fr\/wp-content\/uploads\/2023\/05\/2-1086x1536.png 1086w, https:\/\/polskamisja.fr\/wp-content\/uploads\/2023\/05\/2-1448x2048.png 1448w, https:\/\/polskamisja.fr\/wp-content\/uploads\/2023\/05\/2.png 1587w\" sizes=\"auto, (max-width: 319px) 100vw, 319px\" \/><\/figure><\/div>\n","protected":false},"excerpt":{"rendered":"<p>W naszym ko\u015bciele przez 2-3 tygodnie b\u0119dzie wystawa po\u015bwi\u0119cona \u015awi\u0119tu Konstytucji 3 maja &#8211; dzi\u0119kuj\u0119 Marcinowi i Krzy\u015bkowi za organizacj\u0119 tego przedsi\u0119wzi\u0119cia i zach\u0119cam do skorzystania z ubogacaj\u0105cej prezentacji. Wszystko &hellip; <\/p>\n<p class=\"link-more\"><a href=\"https:\/\/polskamisja.fr\/index.php\/2023\/05\/01\/ogloszenia-30-04-2023\/\" class=\"more-link\">Czytaj dalej<span class=\"screen-reader-text\"> \u201eOG\u0141OSZENIA 30.04.2023\u201d<\/span><\/a><\/p>\n","protected":false},"author":5,"featured_media":0,"comment_status":"open","ping_status":"open","sticky":false,"template":"","format":"standard","meta":{"footnotes":""},"categories":[1],"tags":[],"class_list":["post-1171","post","type-post","status-publish","format-standard","hentry","category-uncategorized"],"_links":{"self":[{"href":"https:\/\/polskamisja.fr\/index.php\/wp-json\/wp\/v2\/posts\/1171","targetHints":{"allow":["GET"]}}],"collection":[{"href":"https:\/\/polskamisja.fr\/index.php\/wp-json\/wp\/v2\/posts"}],"about":[{"href":"https:\/\/polskamisja.fr\/index.php\/wp-json\/wp\/v2\/types\/post"}],"author":[{"embeddable":true,"href":"https:\/\/polskamisja.fr\/index.php\/wp-json\/wp\/v2\/users\/5"}],"replies":[{"embeddable":true,"href":"https:\/\/polskamisja.fr\/index.php\/wp-json\/wp\/v2\/comments?post=1171"}],"version-history":[{"count":3,"href":"https:\/\/polskamisja.fr\/index.php\/wp-json\/wp\/v2\/posts\/1171\/revisions"}],"predecessor-version":[{"id":1178,"href":"https:\/\/polskamisja.fr\/index.php\/wp-json\/wp\/v2\/posts\/1171\/revisions\/1178"}],"wp:attachment":[{"href":"https:\/\/polskamisja.fr\/index.php\/wp-json\/wp\/v2\/media?parent=1171"}],"wp:term":[{"taxonomy":"category","embeddable":true,"href":"https:\/\/polskamisja.fr\/index.php\/wp-json\/wp\/v2\/categories?post=1171"},{"taxonomy":"post_tag","embeddable":true,"href":"https:\/\/polskamisja.fr\/index.php\/wp-json\/wp\/v2\/tags?post=1171"}],"curies":[{"name":"wp","href":"https:\/\/api.w.org\/{rel}","templated":true}]}}