{"id":1158,"date":"2023-04-09T12:31:48","date_gmt":"2023-04-09T10:31:48","guid":{"rendered":"https:\/\/polskamisja.fr\/?p=1158"},"modified":"2023-06-11T10:32:14","modified_gmt":"2023-06-11T08:32:14","slug":"ogloszenia-12-08-2023","status":"publish","type":"post","link":"https:\/\/polskamisja.fr\/index.php\/2023\/04\/09\/ogloszenia-12-08-2023\/","title":{"rendered":"OG\u0141OSZENIA 11.04.2023"},"content":{"rendered":"\n<ol class=\"wp-block-list\"><li>Bardzo Wam dzi\u0119kuj\u0119 za wsp\u00f3lnie prze\u017cycie Triduum Paschalnego i \u015awi\u0105t Wielkanocnych. Dzi\u0119kuj\u0119 za Wasze zaanga\u017cowanie zwi\u0105zane z przygotowaniem dekoracji, kwiat\u00f3w, \u015bpiew\u00f3w, liturgii, spotkania integracyjnego i przede wszystkim za Wasz\u0105 obecno\u015b\u0107 przy Chrystusie w tym \u015bwi\u0119tym czasie.<br>\u017bycz\u0119 Wam, aby obecno\u015b\u0107 Jezusa Zmartwychwsta\u0142ego towarzyszy\u0142a Wam ka\u017cdego dnia!<\/li><\/ol>\n\n\n\n<ol class=\"wp-block-list\" start=\"2\"><li>Jutro Poniedzia\u0142ek Wielkanocny &#8211; Msza \u015awi\u0119ta w kaplicy w St Genis w j. polskim o godz. 18.30.<br>Po Mszy \u015awi\u0119tej prosz\u0119 o pomoc w sprz\u0105taniu kaplicy (tj. zakrystii oraz dekoracji) &#8211; jak b\u0119dzie oko\u0142o 4 os\u00f3b to my\u015bl\u0119, \u017ce oko\u0142o 15 min to potrwa.<\/li><\/ol>\n\n\n\n<ol class=\"wp-block-list\" start=\"3\"><li>Za tydzie\u0144 prze\u017cywa\u0107 b\u0119dziemy \u015awi\u0119to Mi\u0142osierdzia Bo\u017cego (II Niedziela Wielkanocna). Pan Jezus zwr\u00f3ci\u0142 si\u0119 do s. Faustyny:<br><em>\u201ec\u00f3rko Moja, m\u00f3w \u015bwiatu ca\u0142emu o niepoj\u0119tym&nbsp;mi\u0142osierdziu Moim. Pragn\u0119, aby \u015bwi\u0119to mi\u0142osierdzia, by\u0142o ucieczk\u0105 i schronieniem dla wszystkich dusz, a szczeg\u00f3lnie dla biednych grzesznik\u00f3w. W dniu tym otwarte s\u0105 wn\u0119trzno\u015bci mi\u0142osierdzia Mego, wylewam ca\u0142e morze \u0142ask na dusze, kt\u00f3re si\u0119 zbli\u017c\u0105 do \u017ar\u00f3d\u0142a mi\u0142osierdzia Mojego; kt\u00f3ra dusza przyst\u0105pi do spowiedzi i&nbsp;Komunii \u015bw., dost\u0105pi zupe\u0142nego odpuszczenia win i kar, w dniu tym, otwarte s\u0105 wszystkie upusty Bo\u017ce, przez kt\u00f3re p\u0142yn\u0105 \u0142aski; niech si\u0119 nie l\u0119ka zbli\u017cy\u0107 do Mnie \u017cadna dusza, chocia\u017cby grzechy jej by\u0142y jako szkar\u0142at.\u201d (Dz 699)<br><\/em>Dlatego bezpo\u015brednio po Mszy \u015awi\u0119tej w przysz\u0142\u0105 niedziel\u0119, b\u0119dzie kr\u00f3tka Adoracja Naj\u015bwi\u0119tszego Sakramentu podczas kt\u00f3rej pomodlimy si\u0119 Koronk\u0105 do Bo\u017cego Mi\u0142osierdzia i \u015bpiewem b\u0119dziemy uwielbia\u0107 Boga.<\/li><\/ol>\n\n\n\n<ol class=\"wp-block-list\" start=\"4\"><li>25 kwietnia o godz. 20.00 (do 22.30) w St Genis rozpocznie si\u0119 spotkanie Rady naszej Polskiej Misji Katolickiej. Jak zawsze jest to spotkanie otwarte &#8211; wszyscy jeste\u015bcie mile widziani. Podczas tego spotkania b\u0119dziemy chcieli zastanowi\u0107 si\u0119 nad naszymi planami duszpasterskimi na przysz\u0142o\u015b\u0107. Zapraszam!<\/li><\/ol>\n","protected":false},"excerpt":{"rendered":"<p>Bardzo Wam dzi\u0119kuj\u0119 za wsp\u00f3lnie prze\u017cycie Triduum Paschalnego i \u015awi\u0105t Wielkanocnych. Dzi\u0119kuj\u0119 za Wasze zaanga\u017cowanie zwi\u0105zane z przygotowaniem dekoracji, kwiat\u00f3w, \u015bpiew\u00f3w, liturgii, spotkania integracyjnego i przede wszystkim za Wasz\u0105 obecno\u015b\u0107 &hellip; <\/p>\n<p class=\"link-more\"><a href=\"https:\/\/polskamisja.fr\/index.php\/2023\/04\/09\/ogloszenia-12-08-2023\/\" class=\"more-link\">Czytaj dalej<span class=\"screen-reader-text\"> \u201eOG\u0141OSZENIA 11.04.2023\u201d<\/span><\/a><\/p>\n","protected":false},"author":5,"featured_media":0,"comment_status":"open","ping_status":"open","sticky":false,"template":"","format":"standard","meta":{"footnotes":""},"categories":[1],"tags":[],"class_list":["post-1158","post","type-post","status-publish","format-standard","hentry","category-uncategorized"],"_links":{"self":[{"href":"https:\/\/polskamisja.fr\/index.php\/wp-json\/wp\/v2\/posts\/1158","targetHints":{"allow":["GET"]}}],"collection":[{"href":"https:\/\/polskamisja.fr\/index.php\/wp-json\/wp\/v2\/posts"}],"about":[{"href":"https:\/\/polskamisja.fr\/index.php\/wp-json\/wp\/v2\/types\/post"}],"author":[{"embeddable":true,"href":"https:\/\/polskamisja.fr\/index.php\/wp-json\/wp\/v2\/users\/5"}],"replies":[{"embeddable":true,"href":"https:\/\/polskamisja.fr\/index.php\/wp-json\/wp\/v2\/comments?post=1158"}],"version-history":[{"count":3,"href":"https:\/\/polskamisja.fr\/index.php\/wp-json\/wp\/v2\/posts\/1158\/revisions"}],"predecessor-version":[{"id":1201,"href":"https:\/\/polskamisja.fr\/index.php\/wp-json\/wp\/v2\/posts\/1158\/revisions\/1201"}],"wp:attachment":[{"href":"https:\/\/polskamisja.fr\/index.php\/wp-json\/wp\/v2\/media?parent=1158"}],"wp:term":[{"taxonomy":"category","embeddable":true,"href":"https:\/\/polskamisja.fr\/index.php\/wp-json\/wp\/v2\/categories?post=1158"},{"taxonomy":"post_tag","embeddable":true,"href":"https:\/\/polskamisja.fr\/index.php\/wp-json\/wp\/v2\/tags?post=1158"}],"curies":[{"name":"wp","href":"https:\/\/api.w.org\/{rel}","templated":true}]}}